{"id":1094,"date":"2023-11-17T11:14:35","date_gmt":"2023-11-17T10:14:35","guid":{"rendered":"https:\/\/gruppe.seeberger.de\/?p=1094"},"modified":"2025-02-21T08:41:34","modified_gmt":"2025-02-21T07:41:34","slug":"foerderpreis-goldener-zuckerhut-2023-fuer-unsere-mitarbeiterin-julia-herrmann-2","status":"publish","type":"post","link":"https:\/\/gruppe.seeberger.de\/de\/blog\/foerderpreis-goldener-zuckerhut-2023-fuer-unsere-mitarbeiterin-julia-herrmann-2\/","title":{"rendered":"F\u00f6rderpreis Goldener Zuckerhut 2023 f\u00fcr unsere Mitarbeiterin Julia Herrmann"},"content":{"rendered":"<div class=\"wpb-content-wrapper\">[vc_row ppi_content_type=&#8220;ppi_content_width_medium&#8220;][vc_column][vc_column_text]\r\n<h1 class=\"h1 magazine-detailHeadline\" style=\"text-align: center;\">F\u00f6rderpreis Goldener Zuckerhut 2023 f\u00fcr unsere Mitarbeiterin Julia Herrmann<\/h1>\r\n[\/vc_column_text]<div class=\"see_image \"><figure><img loading=\"lazy\" decoding=\"async\" width=\"1024\" height=\"768\" src=\"https:\/\/gruppe.seeberger.de\/wp\/wp-content\/uploads\/2024\/03\/Julia_Herrmann_2.webp\" class=\"attachment-see-lg size-see-lg\" alt=\"B\u00fchne Goldener Zuckerhut mit Preistr\u00e4gern\" srcset=\"https:\/\/gruppe.seeberger.de\/wp\/wp-content\/uploads\/2024\/03\/Julia_Herrmann_2.webp 1024w, https:\/\/gruppe.seeberger.de\/wp\/wp-content\/uploads\/2024\/03\/Julia_Herrmann_2-300x225.webp 300w, https:\/\/gruppe.seeberger.de\/wp\/wp-content\/uploads\/2024\/03\/Julia_Herrmann_2-768x576.webp 768w, https:\/\/gruppe.seeberger.de\/wp\/wp-content\/uploads\/2024\/03\/Julia_Herrmann_2-992x744.webp 992w, https:\/\/gruppe.seeberger.de\/wp\/wp-content\/uploads\/2024\/03\/Julia_Herrmann_2-480x360.webp 480w\" sizes=\"auto, (max-width: 1024px) 100vw, 1024px\" \/><\/figure><\/div>[vc_column_text]Die Stiftung Goldener Zuckerhut vergibt jedes Jahr neben den Auszeichnungen f\u00fcr H\u00e4ndler, Pers\u00f6nlichkeiten und Industrieunternehmen, auch sogenannte F\u00f6rderpreise an zehn Nachwuchstalente aus der Lebensmittelbranche.\r\n\r\nWir freuen uns besonders mit und f\u00fcr unsere Kollegin Julia Herrmann aus der Personalabteilung, die diese besondere Auszeichnung dieses Jahr verliehen bekommen hat. <strong>Herzlichen Gl\u00fcckwunsch!<\/strong>\r\n\r\nMit der Auszeichnung wird das besondere Engagement der Preistr\u00e4ger:innen zum Ausdruck gebracht, die sich in und f\u00fcr die Lebensmittelbranche besonders eingesetzt haben und sich noch weiterbilden wollen. Die Auszeichnung ist auch mit einem Preisgeld verbunden, das die Preistr\u00e4ger:innen zweckgebunden in eine pers\u00f6nliche Fortbildungsma\u00dfnahme investieren m\u00fcssen. Voraussetzungen f\u00fcr die Teilnahme sind eine abgeschlossene Ausbildung bzw. Studium, die Zugeh\u00f6rigkeit zur Lebensmittelbranche (H\u00e4ndler oder Industrie) sowie ein maximales Alter von 29 Jahren.\r\n\r\nMehr finden Sie hier: \u00a0<a class=\"button button--outline--primary\" href=\"https:\/\/gruppe.seeberger.de\/de\/unternehmen\/verantwortung-philosophie\/nachhaltigkeit#nachhaltigkeitsberichte\">Stiftung Goldener Zuckerhut<\/a>[\/vc_column_text]<div class=\"see_image \"><figure><img loading=\"lazy\" decoding=\"async\" width=\"720\" height=\"960\" src=\"https:\/\/gruppe.seeberger.de\/wp\/wp-content\/uploads\/2024\/02\/Julia_Herrmann.webp\" class=\"attachment-see-lg size-see-lg\" alt=\"Mitarbeiterin Julia Herrmann umrahmt von Gesch\u00e4ftsf\u00fchrer Ralph Beranek und Vertriebsleiter Sven Eckartsberg\" srcset=\"https:\/\/gruppe.seeberger.de\/wp\/wp-content\/uploads\/2024\/02\/Julia_Herrmann.webp 720w, https:\/\/gruppe.seeberger.de\/wp\/wp-content\/uploads\/2024\/02\/Julia_Herrmann-225x300.webp 225w, https:\/\/gruppe.seeberger.de\/wp\/wp-content\/uploads\/2024\/02\/Julia_Herrmann-480x640.webp 480w\" sizes=\"auto, (max-width: 720px) 100vw, 720px\" \/><\/figure><\/div>[vc_column_text]\r\n<div id=\"c18478\" class=\"frame frame-default frame-type-textpic frame-layout-0\">\r\n<div class=\"ce-textpic ce-right ce-intext ce-nowrap\">\r\n<div class=\"ce-bodytext\">\r\n\r\n<strong style=\"font-size: 1rem;\">Vor der Preisverleihung sprachen wir mit unserer Kollegin und Preistr\u00e4gerin Julia Herrmann:<\/strong>\r\n\r\n<strong style=\"font-size: 1rem;\">Seeberger:<\/strong><span style=\"font-size: 1rem;\"> \u00a0 Julia, herzlichen Gl\u00fcckwunsch zu dieser tollen Auszeichnung! Wie kam es dazu?<\/span>\r\n\r\n<strong style=\"font-size: 1rem;\">Julia:<\/strong><span style=\"font-size: 1rem;\"> \u00a0 Vielen Dank, ich f\u00fchle mich auch sehr geehrt, dass die Wahl auf mich gefallen ist. Grunds\u00e4tzlich l\u00e4uft es so, dass die Stiftung \u201eGoldener Zuckerhut\u201c die Unternehmen als Arbeitgeber anschreibt mit den Rahmenbedingungen f\u00fcr diesen F\u00f6rderpreis. Bei Seeberger haben dann die F\u00fchrungskr\u00e4fte gepr\u00fcft, welche Nachwuchskr\u00e4fte sie hierf\u00fcr vorschlagen wollen und im Einzelgespr\u00e4ch gekl\u00e4rt wird, ob Er oder Sie sich eine Teilnahme auch vorstellen kann.<\/span>\r\n\r\n<strong style=\"font-size: 1rem;\">Seeberger: \u00a0\u00a0<\/strong><span style=\"font-size: 1rem;\">Musstest Du \u00fcberzeugt werden oder war dir sofort klar, dass Du mitmachen willst?<\/span>\r\n\r\n<strong style=\"font-size: 1rem;\">Julia:<\/strong><span style=\"font-size: 1rem;\"> \u00a0 Durch unsere interne Berichterstattung \u00a0des letzten Jahres war mir der &#8222;Goldene Zuckerhut&#8220; schon ein Begriff. Ich hatte schon l\u00e4nger mit dem Gedanken gespielt, eine Weiterbildung zur systemischen Organisationsentwicklerin zu machen. Deshalb habe ich mich sehr gefreut, dass meine F\u00fchrungskraft mich darin best\u00e4rkt hat, meine Bewerbung f\u00fcr den F\u00f6rderpreis einzureichen. Die Weiterbildung hat im September begonnen und l\u00e4uft noch bis April 2024.<\/span>\r\n\r\n<strong style=\"font-size: 1rem;\">Seeberger:<\/strong><span style=\"font-size: 1rem;\"> \u00a0 Was hat deiner Meinung nach den Ausschlag gegeben, dass die Wahl auf dich gefallen ist?<\/span>\r\n\r\n<strong style=\"font-size: 1rem;\">Julia:<\/strong><span style=\"font-size: 1rem;\"> \u00a0 Ich denke, dass ich mich seit meinem Einstieg hier bei Seeberger im Herbst 2021 als Personalreferentin gut entwickelt habe und bereits im Fr\u00fchjahr 2022 als HR Business Partnerin Verantwortung \u00fcbernehmen durfte. Ich m\u00f6chte zielgerichtet und professionell Ver\u00e4nderungsprozesse begleiten und das passt zu und mit Seeberger sehr gut.<\/span>\r\n\r\n<strong style=\"font-size: 1rem;\">Seeberger:<\/strong><span style=\"font-size: 1rem;\"> \u00a0 Inwiefern denn bzw. kannst Du uns das etwas erkl\u00e4ren?<\/span>\r\n\r\n<strong style=\"font-size: 1rem;\">Julia:<\/strong><span style=\"font-size: 1rem;\"> \u00a0 Seeberger als dynamisch wachsendes Unternehmen hat sich immer wieder und muss sich auch weiter ver\u00e4ndern in der gesamten Organisation um weiter erfolgreich sein zu k\u00f6nnen. Hier versuche ich bestm\u00f6glich meinen Teil beizutragen, in dem ich das Gro\u00dfe und Ganze im Blick behalte und strategisch an die Themen herangehe. Ich freue mich wirklich sehr, dass Seeberger mich in meiner Entwicklung so toll unterst\u00fctzt hat. Ich denke das ist schon etwas Besonderes.<\/span>\r\n\r\n<strong style=\"font-size: 1rem;\">Seeberger:<\/strong><span style=\"font-size: 1rem;\"> \u00a0 Vielen Dank f\u00fcr das Gespr\u00e4ch, nochmals herzlichen Gl\u00fcckwunsch und genie\u00df die zwei au\u00dfergew\u00f6hnlichen Tage in Berlin!<\/span>\r\n\r\n&nbsp;\r\n\r\n<\/div>\r\n<\/div>\r\n<\/div>\r\n[\/vc_column_text][\/vc_column][\/vc_row]<\/div>","protected":false},"excerpt":{"rendered":"Unsere Kollegin Julia Herrmann gewinnt als eine von zehn Nachwuchstalenten aus der Lebensmittelbranche den F\u00f6rderpreis der Stiftung Goldener Zuckerhut.","protected":false},"author":7,"featured_media":660,"comment_status":"closed","ping_status":"open","sticky":false,"template":"","format":"standard","meta":{"_acf_changed":false,"inline_featured_image":false,"footnotes":""},"categories":[23],"tags":[],"class_list":["post-1094","post","type-post","status-publish","format-standard","has-post-thumbnail","hentry","category-seeberger-gruppe"],"acf":[],"yoast_head":"<!-- This site is optimized with the Yoast SEO plugin v27.2 - https:\/\/yoast.com\/product\/yoast-seo-wordpress\/ -->\n<title>F\u00f6rderpreis Goldener Zuckerhut 2023 f\u00fcr unsere Mitarbeiterin Julia Herrmann - Seeberger Gruppe<\/title>\n<meta name=\"description\" content=\"%\" \/>\n<meta name=\"robots\" content=\"index, follow, max-snippet:-1, max-image-preview:large, max-video-preview:-1\" \/>\n<link rel=\"canonical\" href=\"https:\/\/gruppe.seeberger.de\/de\/blog\/foerderpreis-goldener-zuckerhut-2023-fuer-unsere-mitarbeiterin-julia-herrmann-2\/\" \/>\n<meta property=\"og:locale\" content=\"de_DE\" \/>\n<meta property=\"og:type\" content=\"article\" \/>\n<meta property=\"og:title\" content=\"F\u00f6rderpreis Goldener Zuckerhut 2023 f\u00fcr unsere Mitarbeiterin Julia Herrmann - Seeberger Gruppe\" \/>\n<meta property=\"og:description\" content=\"%\" \/>\n<meta property=\"og:url\" content=\"https:\/\/gruppe.seeberger.de\/de\/blog\/foerderpreis-goldener-zuckerhut-2023-fuer-unsere-mitarbeiterin-julia-herrmann-2\/\" \/>\n<meta property=\"og:site_name\" content=\"Seeberger Gruppe\" \/>\n<meta property=\"article:publisher\" content=\"https:\/\/www.facebook.com\/seeberger.de\" \/>\n<meta property=\"article:published_time\" content=\"2023-11-17T10:14:35+00:00\" \/>\n<meta property=\"article:modified_time\" content=\"2025-02-21T07:41:34+00:00\" \/>\n<meta property=\"og:image\" content=\"https:\/\/gruppe.seeberger.de\/wp\/wp-content\/uploads\/2024\/02\/Julia_Herrmann.webp\" \/>\n\t<meta property=\"og:image:width\" content=\"720\" \/>\n\t<meta property=\"og:image:height\" content=\"960\" \/>\n\t<meta property=\"og:image:type\" content=\"image\/webp\" \/>\n<meta name=\"author\" content=\"Pluspol Redakteur\" \/>\n<meta name=\"twitter:card\" content=\"summary_large_image\" \/>\n<meta name=\"twitter:label1\" content=\"Verfasst von\" \/>\n\t<meta name=\"twitter:data1\" content=\"Pluspol Redakteur\" \/>\n\t<meta name=\"twitter:label2\" content=\"Gesch\u00e4tzte Lesezeit\" \/>\n\t<meta name=\"twitter:data2\" content=\"4\u00a0Minuten\" \/>\n<script type=\"application\/ld+json\" class=\"yoast-schema-graph\">{\"@context\":\"https:\/\/schema.org\",\"@graph\":[{\"@type\":\"Article\",\"@id\":\"https:\/\/gruppe.seeberger.de\/de\/blog\/foerderpreis-goldener-zuckerhut-2023-fuer-unsere-mitarbeiterin-julia-herrmann-2\/#article\",\"isPartOf\":{\"@id\":\"https:\/\/gruppe.seeberger.de\/de\/blog\/foerderpreis-goldener-zuckerhut-2023-fuer-unsere-mitarbeiterin-julia-herrmann-2\/\"},\"author\":{\"name\":\"Pluspol Redakteur\",\"@id\":\"https:\/\/gruppe.seeberger.de\/de\/#\/schema\/person\/5e0a65ec56c86b97c646138374eb38d1\"},\"headline\":\"F\u00f6rderpreis Goldener Zuckerhut 2023 f\u00fcr unsere Mitarbeiterin Julia Herrmann\",\"datePublished\":\"2023-11-17T10:14:35+00:00\",\"dateModified\":\"2025-02-21T07:41:34+00:00\",\"mainEntityOfPage\":{\"@id\":\"https:\/\/gruppe.seeberger.de\/de\/blog\/foerderpreis-goldener-zuckerhut-2023-fuer-unsere-mitarbeiterin-julia-herrmann-2\/\"},\"wordCount\":558,\"publisher\":{\"@id\":\"https:\/\/gruppe.seeberger.de\/de\/#organization\"},\"image\":{\"@id\":\"https:\/\/gruppe.seeberger.de\/de\/blog\/foerderpreis-goldener-zuckerhut-2023-fuer-unsere-mitarbeiterin-julia-herrmann-2\/#primaryimage\"},\"thumbnailUrl\":\"https:\/\/gruppe.seeberger.de\/wp\/wp-content\/uploads\/2024\/02\/Julia_Herrmann.webp\",\"articleSection\":[\"Seeberger Gruppe\"],\"inLanguage\":\"de\"},{\"@type\":\"WebPage\",\"@id\":\"https:\/\/gruppe.seeberger.de\/de\/blog\/foerderpreis-goldener-zuckerhut-2023-fuer-unsere-mitarbeiterin-julia-herrmann-2\/\",\"url\":\"https:\/\/gruppe.seeberger.de\/de\/blog\/foerderpreis-goldener-zuckerhut-2023-fuer-unsere-mitarbeiterin-julia-herrmann-2\/\",\"name\":\"F\u00f6rderpreis Goldener Zuckerhut 2023 f\u00fcr unsere Mitarbeiterin Julia Herrmann - Seeberger Gruppe\",\"isPartOf\":{\"@id\":\"https:\/\/gruppe.seeberger.de\/de\/#website\"},\"primaryImageOfPage\":{\"@id\":\"https:\/\/gruppe.seeberger.de\/de\/blog\/foerderpreis-goldener-zuckerhut-2023-fuer-unsere-mitarbeiterin-julia-herrmann-2\/#primaryimage\"},\"image\":{\"@id\":\"https:\/\/gruppe.seeberger.de\/de\/blog\/foerderpreis-goldener-zuckerhut-2023-fuer-unsere-mitarbeiterin-julia-herrmann-2\/#primaryimage\"},\"thumbnailUrl\":\"https:\/\/gruppe.seeberger.de\/wp\/wp-content\/uploads\/2024\/02\/Julia_Herrmann.webp\",\"datePublished\":\"2023-11-17T10:14:35+00:00\",\"dateModified\":\"2025-02-21T07:41:34+00:00\",\"description\":\"%\",\"breadcrumb\":{\"@id\":\"https:\/\/gruppe.seeberger.de\/de\/blog\/foerderpreis-goldener-zuckerhut-2023-fuer-unsere-mitarbeiterin-julia-herrmann-2\/#breadcrumb\"},\"inLanguage\":\"de\",\"potentialAction\":[{\"@type\":\"ReadAction\",\"target\":[\"https:\/\/gruppe.seeberger.de\/de\/blog\/foerderpreis-goldener-zuckerhut-2023-fuer-unsere-mitarbeiterin-julia-herrmann-2\/\"]}]},{\"@type\":\"ImageObject\",\"inLanguage\":\"de\",\"@id\":\"https:\/\/gruppe.seeberger.de\/de\/blog\/foerderpreis-goldener-zuckerhut-2023-fuer-unsere-mitarbeiterin-julia-herrmann-2\/#primaryimage\",\"url\":\"https:\/\/gruppe.seeberger.de\/wp\/wp-content\/uploads\/2024\/02\/Julia_Herrmann.webp\",\"contentUrl\":\"https:\/\/gruppe.seeberger.de\/wp\/wp-content\/uploads\/2024\/02\/Julia_Herrmann.webp\",\"width\":720,\"height\":960,\"caption\":\"Mitarbeiterin Julia Herrmann umrahmt von Gesch\u00e4ftsf\u00fchrer Ralph Beranek und Vertriebsleiter Sven Eckartsberg\"},{\"@type\":\"BreadcrumbList\",\"@id\":\"https:\/\/gruppe.seeberger.de\/de\/blog\/foerderpreis-goldener-zuckerhut-2023-fuer-unsere-mitarbeiterin-julia-herrmann-2\/#breadcrumb\",\"itemListElement\":[{\"@type\":\"ListItem\",\"position\":1,\"name\":\"Home\",\"item\":\"https:\/\/gruppe.seeberger.de\/de\/\"},{\"@type\":\"ListItem\",\"position\":2,\"name\":\"F\u00f6rderpreis Goldener Zuckerhut 2023 f\u00fcr unsere Mitarbeiterin Julia Herrmann\"}]},{\"@type\":\"WebSite\",\"@id\":\"https:\/\/gruppe.seeberger.de\/de\/#website\",\"url\":\"https:\/\/gruppe.seeberger.de\/de\/\",\"name\":\"Seeberger Gruppe Website\",\"description\":\"Ein Familienunternehmen mit Tradition\",\"publisher\":{\"@id\":\"https:\/\/gruppe.seeberger.de\/de\/#organization\"},\"alternateName\":\"Seeberger Gruppe\",\"potentialAction\":[{\"@type\":\"SearchAction\",\"target\":{\"@type\":\"EntryPoint\",\"urlTemplate\":\"https:\/\/gruppe.seeberger.de\/de\/?s={search_term_string}\"},\"query-input\":{\"@type\":\"PropertyValueSpecification\",\"valueRequired\":true,\"valueName\":\"search_term_string\"}}],\"inLanguage\":\"de\"},{\"@type\":\"Organization\",\"@id\":\"https:\/\/gruppe.seeberger.de\/de\/#organization\",\"name\":\"Seeberger Gruppe\",\"url\":\"https:\/\/gruppe.seeberger.de\/de\/\",\"logo\":{\"@type\":\"ImageObject\",\"inLanguage\":\"de\",\"@id\":\"https:\/\/gruppe.seeberger.de\/de\/#\/schema\/logo\/image\/\",\"url\":\"https:\/\/gruppe.seeberger.de\/wp-content\/uploads\/2024\/03\/seeberger-gruppe-logo.svg\",\"contentUrl\":\"https:\/\/gruppe.seeberger.de\/wp-content\/uploads\/2024\/03\/seeberger-gruppe-logo.svg\",\"width\":224,\"height\":64,\"caption\":\"Seeberger Gruppe\"},\"image\":{\"@id\":\"https:\/\/gruppe.seeberger.de\/de\/#\/schema\/logo\/image\/\"},\"sameAs\":[\"https:\/\/www.facebook.com\/seeberger.de\",\"https:\/\/www.youtube.com\/channel\/UC1ZsMjWjwtYtlymi5VKdRqA\",\"https:\/\/www.instagram.com\/seeberger_1844\/\",\"https:\/\/www.xing.com\/pages\/seebergergmbh\",\"http:\/\/www.linkedin.com\/company\/seeberger\"]},{\"@type\":\"Person\",\"@id\":\"https:\/\/gruppe.seeberger.de\/de\/#\/schema\/person\/5e0a65ec56c86b97c646138374eb38d1\",\"name\":\"Pluspol Redakteur\"}]}<\/script>\n<!-- \/ Yoast SEO plugin. -->","yoast_head_json":{"title":"F\u00f6rderpreis Goldener Zuckerhut 2023 f\u00fcr unsere Mitarbeiterin Julia Herrmann - Seeberger Gruppe","description":"%","robots":{"index":"index","follow":"follow","max-snippet":"max-snippet:-1","max-image-preview":"max-image-preview:large","max-video-preview":"max-video-preview:-1"},"canonical":"https:\/\/gruppe.seeberger.de\/de\/blog\/foerderpreis-goldener-zuckerhut-2023-fuer-unsere-mitarbeiterin-julia-herrmann-2\/","og_locale":"de_DE","og_type":"article","og_title":"F\u00f6rderpreis Goldener Zuckerhut 2023 f\u00fcr unsere Mitarbeiterin Julia Herrmann - Seeberger Gruppe","og_description":"%","og_url":"https:\/\/gruppe.seeberger.de\/de\/blog\/foerderpreis-goldener-zuckerhut-2023-fuer-unsere-mitarbeiterin-julia-herrmann-2\/","og_site_name":"Seeberger Gruppe","article_publisher":"https:\/\/www.facebook.com\/seeberger.de","article_published_time":"2023-11-17T10:14:35+00:00","article_modified_time":"2025-02-21T07:41:34+00:00","og_image":[{"width":720,"height":960,"url":"https:\/\/gruppe.seeberger.de\/wp\/wp-content\/uploads\/2024\/02\/Julia_Herrmann.webp","type":"image\/webp"}],"author":"Pluspol Redakteur","twitter_card":"summary_large_image","twitter_misc":{"Verfasst von":"Pluspol Redakteur","Gesch\u00e4tzte Lesezeit":"4\u00a0Minuten"},"schema":{"@context":"https:\/\/schema.org","@graph":[{"@type":"Article","@id":"https:\/\/gruppe.seeberger.de\/de\/blog\/foerderpreis-goldener-zuckerhut-2023-fuer-unsere-mitarbeiterin-julia-herrmann-2\/#article","isPartOf":{"@id":"https:\/\/gruppe.seeberger.de\/de\/blog\/foerderpreis-goldener-zuckerhut-2023-fuer-unsere-mitarbeiterin-julia-herrmann-2\/"},"author":{"name":"Pluspol Redakteur","@id":"https:\/\/gruppe.seeberger.de\/de\/#\/schema\/person\/5e0a65ec56c86b97c646138374eb38d1"},"headline":"F\u00f6rderpreis Goldener Zuckerhut 2023 f\u00fcr unsere Mitarbeiterin Julia Herrmann","datePublished":"2023-11-17T10:14:35+00:00","dateModified":"2025-02-21T07:41:34+00:00","mainEntityOfPage":{"@id":"https:\/\/gruppe.seeberger.de\/de\/blog\/foerderpreis-goldener-zuckerhut-2023-fuer-unsere-mitarbeiterin-julia-herrmann-2\/"},"wordCount":558,"publisher":{"@id":"https:\/\/gruppe.seeberger.de\/de\/#organization"},"image":{"@id":"https:\/\/gruppe.seeberger.de\/de\/blog\/foerderpreis-goldener-zuckerhut-2023-fuer-unsere-mitarbeiterin-julia-herrmann-2\/#primaryimage"},"thumbnailUrl":"https:\/\/gruppe.seeberger.de\/wp\/wp-content\/uploads\/2024\/02\/Julia_Herrmann.webp","articleSection":["Seeberger Gruppe"],"inLanguage":"de"},{"@type":"WebPage","@id":"https:\/\/gruppe.seeberger.de\/de\/blog\/foerderpreis-goldener-zuckerhut-2023-fuer-unsere-mitarbeiterin-julia-herrmann-2\/","url":"https:\/\/gruppe.seeberger.de\/de\/blog\/foerderpreis-goldener-zuckerhut-2023-fuer-unsere-mitarbeiterin-julia-herrmann-2\/","name":"F\u00f6rderpreis Goldener Zuckerhut 2023 f\u00fcr unsere Mitarbeiterin Julia Herrmann - Seeberger Gruppe","isPartOf":{"@id":"https:\/\/gruppe.seeberger.de\/de\/#website"},"primaryImageOfPage":{"@id":"https:\/\/gruppe.seeberger.de\/de\/blog\/foerderpreis-goldener-zuckerhut-2023-fuer-unsere-mitarbeiterin-julia-herrmann-2\/#primaryimage"},"image":{"@id":"https:\/\/gruppe.seeberger.de\/de\/blog\/foerderpreis-goldener-zuckerhut-2023-fuer-unsere-mitarbeiterin-julia-herrmann-2\/#primaryimage"},"thumbnailUrl":"https:\/\/gruppe.seeberger.de\/wp\/wp-content\/uploads\/2024\/02\/Julia_Herrmann.webp","datePublished":"2023-11-17T10:14:35+00:00","dateModified":"2025-02-21T07:41:34+00:00","description":"%","breadcrumb":{"@id":"https:\/\/gruppe.seeberger.de\/de\/blog\/foerderpreis-goldener-zuckerhut-2023-fuer-unsere-mitarbeiterin-julia-herrmann-2\/#breadcrumb"},"inLanguage":"de","potentialAction":[{"@type":"ReadAction","target":["https:\/\/gruppe.seeberger.de\/de\/blog\/foerderpreis-goldener-zuckerhut-2023-fuer-unsere-mitarbeiterin-julia-herrmann-2\/"]}]},{"@type":"ImageObject","inLanguage":"de","@id":"https:\/\/gruppe.seeberger.de\/de\/blog\/foerderpreis-goldener-zuckerhut-2023-fuer-unsere-mitarbeiterin-julia-herrmann-2\/#primaryimage","url":"https:\/\/gruppe.seeberger.de\/wp\/wp-content\/uploads\/2024\/02\/Julia_Herrmann.webp","contentUrl":"https:\/\/gruppe.seeberger.de\/wp\/wp-content\/uploads\/2024\/02\/Julia_Herrmann.webp","width":720,"height":960,"caption":"Mitarbeiterin Julia Herrmann umrahmt von Gesch\u00e4ftsf\u00fchrer Ralph Beranek und Vertriebsleiter Sven Eckartsberg"},{"@type":"BreadcrumbList","@id":"https:\/\/gruppe.seeberger.de\/de\/blog\/foerderpreis-goldener-zuckerhut-2023-fuer-unsere-mitarbeiterin-julia-herrmann-2\/#breadcrumb","itemListElement":[{"@type":"ListItem","position":1,"name":"Home","item":"https:\/\/gruppe.seeberger.de\/de\/"},{"@type":"ListItem","position":2,"name":"F\u00f6rderpreis Goldener Zuckerhut 2023 f\u00fcr unsere Mitarbeiterin Julia Herrmann"}]},{"@type":"WebSite","@id":"https:\/\/gruppe.seeberger.de\/de\/#website","url":"https:\/\/gruppe.seeberger.de\/de\/","name":"Seeberger Gruppe Website","description":"Ein Familienunternehmen mit Tradition","publisher":{"@id":"https:\/\/gruppe.seeberger.de\/de\/#organization"},"alternateName":"Seeberger Gruppe","potentialAction":[{"@type":"SearchAction","target":{"@type":"EntryPoint","urlTemplate":"https:\/\/gruppe.seeberger.de\/de\/?s={search_term_string}"},"query-input":{"@type":"PropertyValueSpecification","valueRequired":true,"valueName":"search_term_string"}}],"inLanguage":"de"},{"@type":"Organization","@id":"https:\/\/gruppe.seeberger.de\/de\/#organization","name":"Seeberger Gruppe","url":"https:\/\/gruppe.seeberger.de\/de\/","logo":{"@type":"ImageObject","inLanguage":"de","@id":"https:\/\/gruppe.seeberger.de\/de\/#\/schema\/logo\/image\/","url":"https:\/\/gruppe.seeberger.de\/wp-content\/uploads\/2024\/03\/seeberger-gruppe-logo.svg","contentUrl":"https:\/\/gruppe.seeberger.de\/wp-content\/uploads\/2024\/03\/seeberger-gruppe-logo.svg","width":224,"height":64,"caption":"Seeberger Gruppe"},"image":{"@id":"https:\/\/gruppe.seeberger.de\/de\/#\/schema\/logo\/image\/"},"sameAs":["https:\/\/www.facebook.com\/seeberger.de","https:\/\/www.youtube.com\/channel\/UC1ZsMjWjwtYtlymi5VKdRqA","https:\/\/www.instagram.com\/seeberger_1844\/","https:\/\/www.xing.com\/pages\/seebergergmbh","http:\/\/www.linkedin.com\/company\/seeberger"]},{"@type":"Person","@id":"https:\/\/gruppe.seeberger.de\/de\/#\/schema\/person\/5e0a65ec56c86b97c646138374eb38d1","name":"Pluspol Redakteur"}]}},"_links":{"self":[{"href":"https:\/\/gruppe.seeberger.de\/de\/wp-json\/wp\/v2\/posts\/1094","targetHints":{"allow":["GET"]}}],"collection":[{"href":"https:\/\/gruppe.seeberger.de\/de\/wp-json\/wp\/v2\/posts"}],"about":[{"href":"https:\/\/gruppe.seeberger.de\/de\/wp-json\/wp\/v2\/types\/post"}],"author":[{"embeddable":true,"href":"https:\/\/gruppe.seeberger.de\/de\/wp-json\/wp\/v2\/users\/7"}],"replies":[{"embeddable":true,"href":"https:\/\/gruppe.seeberger.de\/de\/wp-json\/wp\/v2\/comments?post=1094"}],"version-history":[{"count":15,"href":"https:\/\/gruppe.seeberger.de\/de\/wp-json\/wp\/v2\/posts\/1094\/revisions"}],"predecessor-version":[{"id":1189,"href":"https:\/\/gruppe.seeberger.de\/de\/wp-json\/wp\/v2\/posts\/1094\/revisions\/1189"}],"wp:featuredmedia":[{"embeddable":true,"href":"https:\/\/gruppe.seeberger.de\/de\/wp-json\/wp\/v2\/media\/660"}],"wp:attachment":[{"href":"https:\/\/gruppe.seeberger.de\/de\/wp-json\/wp\/v2\/media?parent=1094"}],"wp:term":[{"taxonomy":"category","embeddable":true,"href":"https:\/\/gruppe.seeberger.de\/de\/wp-json\/wp\/v2\/categories?post=1094"},{"taxonomy":"post_tag","embeddable":true,"href":"https:\/\/gruppe.seeberger.de\/de\/wp-json\/wp\/v2\/tags?post=1094"}],"curies":[{"name":"wp","href":"https:\/\/api.w.org\/{rel}","templated":true}]}}