{"id":1114,"date":"2023-08-09T11:52:48","date_gmt":"2023-08-09T09:52:48","guid":{"rendered":"https:\/\/gruppe.seeberger.de\/?p=1114"},"modified":"2025-02-21T08:41:34","modified_gmt":"2025-02-21T07:41:34","slug":"eine-reise-zum-ursprung-der-cashews","status":"publish","type":"post","link":"https:\/\/gruppe.seeberger.de\/de\/blog\/eine-reise-zum-ursprung-der-cashews\/","title":{"rendered":"Eine Reise zum Ursprung der Cashews"},"content":{"rendered":"<div class=\"wpb-content-wrapper\">[vc_row ppi_content_type=&#8220;ppi_content_width_medium&#8220;][vc_column][vc_column_text]\r\n<h1 class=\"h1 magazine-detailHeadline\" style=\"text-align: center;\">Eine Reise zum Ursprung der Cashews<\/h1>\r\n[\/vc_column_text][vc_column_text]Faire Partnerschaften und der Respekt vor Mensch und Natur sind der Kern unserer Nachhaltigkeitsstrategie. Im Rahmen unserer \u201eFarm to Consumer\u201c-Philosophie setzen wir seit jeher auf die Zusammenarbeit mit verl\u00e4sslichen Partnerunternehmen vor Ort. Dass die Bem\u00fchungen Fr\u00fcchte tragen, zeigt aktuell eine Reise in den Ursprung unserer Cashew-N\u00fcsse: Unser Gesch\u00e4ftsf\u00fchrer Ralph Beranek und unser Eink\u00e4ufer Andreas Heigele \u00fcberzeugten sich pers\u00f6nlich vom Fortschreiten des Projektes und kn\u00fcpften neue Kontakte.[\/vc_column_text]<div class=\"see_image \"><figure><img loading=\"lazy\" decoding=\"async\" width=\"1200\" height=\"868\" src=\"https:\/\/gruppe.seeberger.de\/wp\/wp-content\/uploads\/2024\/03\/Ralph_Beranek__links_im_Bild__und_Andreas_Heigele__rechts_im_Bild_-1200x868.webp\" class=\"attachment-see-lg size-see-lg\" alt=\"Gesch\u00e4ftsf\u00fchrer Ralph Beranek und Eink\u00e4ufer stehen vor Cashewbaum\" srcset=\"https:\/\/gruppe.seeberger.de\/wp\/wp-content\/uploads\/2024\/03\/Ralph_Beranek__links_im_Bild__und_Andreas_Heigele__rechts_im_Bild_-1200x868.webp 1200w, https:\/\/gruppe.seeberger.de\/wp\/wp-content\/uploads\/2024\/03\/Ralph_Beranek__links_im_Bild__und_Andreas_Heigele__rechts_im_Bild_-300x217.webp 300w, https:\/\/gruppe.seeberger.de\/wp\/wp-content\/uploads\/2024\/03\/Ralph_Beranek__links_im_Bild__und_Andreas_Heigele__rechts_im_Bild_-1024x741.webp 1024w, https:\/\/gruppe.seeberger.de\/wp\/wp-content\/uploads\/2024\/03\/Ralph_Beranek__links_im_Bild__und_Andreas_Heigele__rechts_im_Bild_-768x556.webp 768w, https:\/\/gruppe.seeberger.de\/wp\/wp-content\/uploads\/2024\/03\/Ralph_Beranek__links_im_Bild__und_Andreas_Heigele__rechts_im_Bild_-992x718.webp 992w, https:\/\/gruppe.seeberger.de\/wp\/wp-content\/uploads\/2024\/03\/Ralph_Beranek__links_im_Bild__und_Andreas_Heigele__rechts_im_Bild_-480x347.webp 480w, https:\/\/gruppe.seeberger.de\/wp\/wp-content\/uploads\/2024\/03\/Ralph_Beranek__links_im_Bild__und_Andreas_Heigele__rechts_im_Bild_.webp 1536w\" sizes=\"auto, (max-width: 1200px) 100vw, 1200px\" \/><\/figure><\/div>[vc_column_text]\r\n<div id=\"c18466\" class=\"frame frame-default frame-type-text frame-layout-0\">\r\n\r\n\u201eFast ein Jahrzehnt lang haben wir uns in Afrika um den Aufbau einer direkten Lieferbeziehung f\u00fcr Cashews bem\u00fcht. Immer mit dem Ziel vor Augen, unn\u00f6tige Transporte von Afrika nach Asien und dann von Asien zur\u00fcck nach Europa zu verhindern sowie gem\u00e4\u00df unserer \u201eFarm to Consumer\u201c- Philosophie die regionale Wertsch\u00f6pfung zu st\u00e4rken\u201c, sagt Ralph Beranek. \u201eF\u00fcr uns macht das die besondere Seeberger Qualit\u00e4t aus: Wir behalten jede Nuss auf ihrem Weg vom Ursprung bis zu uns nach Ulm im Auge. Durch den direkten Einkauf k\u00f6nnen wir die Lieferkette bis hin zu Farmer:in und Farmerkooperative verfolgen. So haben wir die M\u00f6glichkeit, soziale Standards einzufordern und uns direkt bei den Lieferant:innen ein Bild zu machen.\u201c\r\n\r\nC\u00f4te d\u2019Ivoire ist eines der Ursprungsl\u00e4nder von Cashews. Seit vielen Jahren wird dort die weltweit gr\u00f6\u00dfte Ernte von rohen N\u00fcssen eingefahren. Bis vor kurzem fehlte es im Land jedoch an Infrastruktur f\u00fcr die aufw\u00e4ndige Weiterverarbeitung der Rohwaren. In der Regel werden die N\u00fcsse daher in asiatische L\u00e4nder verschifft, dort weiterverarbeitet und exportiert. Der gr\u00f6\u00dfte Teil der Wertsch\u00f6pfung wurde somit in Asien erzielt, nicht in den afrikanischen Anbaul\u00e4ndern selbst.\r\n\r\n<\/div>\r\n[\/vc_column_text]<div class=\"see_image \"><figure><img loading=\"lazy\" decoding=\"async\" width=\"1200\" height=\"800\" src=\"https:\/\/gruppe.seeberger.de\/wp\/wp-content\/uploads\/2024\/03\/csm_Besuch_Elfenbeinku__ste__04-2023_Cashewkerne_2_2a4f7b8fde.webp\" class=\"attachment-see-lg size-see-lg\" alt=\"Rote Cashewfr\u00fcchte am Baum\" srcset=\"https:\/\/gruppe.seeberger.de\/wp\/wp-content\/uploads\/2024\/03\/csm_Besuch_Elfenbeinku__ste__04-2023_Cashewkerne_2_2a4f7b8fde.webp 1200w, https:\/\/gruppe.seeberger.de\/wp\/wp-content\/uploads\/2024\/03\/csm_Besuch_Elfenbeinku__ste__04-2023_Cashewkerne_2_2a4f7b8fde-300x200.webp 300w, https:\/\/gruppe.seeberger.de\/wp\/wp-content\/uploads\/2024\/03\/csm_Besuch_Elfenbeinku__ste__04-2023_Cashewkerne_2_2a4f7b8fde-1024x683.webp 1024w, https:\/\/gruppe.seeberger.de\/wp\/wp-content\/uploads\/2024\/03\/csm_Besuch_Elfenbeinku__ste__04-2023_Cashewkerne_2_2a4f7b8fde-768x512.webp 768w, https:\/\/gruppe.seeberger.de\/wp\/wp-content\/uploads\/2024\/03\/csm_Besuch_Elfenbeinku__ste__04-2023_Cashewkerne_2_2a4f7b8fde-992x661.webp 992w, https:\/\/gruppe.seeberger.de\/wp\/wp-content\/uploads\/2024\/03\/csm_Besuch_Elfenbeinku__ste__04-2023_Cashewkerne_2_2a4f7b8fde-480x320.webp 480w\" sizes=\"auto, (max-width: 1200px) 100vw, 1200px\" \/><\/figure><\/div>[vc_column_text]Uns ist es nun gelungen, mehrere Produktionspartner in C\u00f4te d\u2019Ivoire zu finden, die den anspruchsvollen Verarbeitungsprozess f\u00fcr Cashews zuverl\u00e4ssig umsetzen k\u00f6nnen. In 2023 beziehen wir bereits mehr als ein Drittel des Gesamtbedarfs an Cashews (pur wie auch in unseren Mischungen) direkt aus C\u00f4te d\u2019Ivoire.\r\n\r\n<strong>Verantwortungsvoller Rohstoffbezug durch direkte Lieferbeziehungen<\/strong>\r\n\r\nReisen in die Ursprungsl\u00e4nder sind bei Seeberger schon seit Jahrzehnten zentraler Teil des nachhaltigen Lieferkettenmanagements:[\/vc_column_text]<div class=\"see_quote\">\n    <div class=\"see_quote__quote\">\u201eWir bereisen die Ursprungsl\u00e4nder unserer Rohwaren in regelm\u00e4\u00dfigen Abst\u00e4nden, um einen direkten Einblick in die Anbau- und Produktionsbedingungen vor Ort zu bekommen.\u201c<\/div>    <p class=\"see_quote__author\">Andreas Heigele, Eink\u00e4ufer Seeberger Gruppe<\/p><\/div>\n[vc_column_text]\u201eIm Fr\u00fchjahr waren Ralph Beranek und ich daher in C\u00f4te d\u2019Ivoire, um uns im Ursprung der Cashews umzusehen. Ziel unserer Reise war, unsere Partnerbetriebe mit eigenen Augen zu sehen und pers\u00f6nliche Gespr\u00e4che mit den Verantwortlichen zu f\u00fchren. Au\u00dferdem haben wir erfolgreich am Aufbau von neuen Gesch\u00e4ftsbeziehungen f\u00fcr eine zuk\u00fcnftige Zusammenarbeit gearbeitet.\u201c\r\n\r\nAus C\u00f4te d\u2019Ivoire beziehen wir Cashews von zertifizierten Produktionsbetrieben, welche ihren Mitarbeitenden\u00a0<strong>ganzj\u00e4hrig sichere Arbeitspl\u00e4tze<\/strong>\u00a0und\u00a0<strong>faire L\u00f6hne<\/strong>\u00a0bieten. Zudem sorgen die Partnerbetriebe f\u00fcr einen\u00a0<strong>Shuttle zur Arbeitsstelle<\/strong>,\u00a0<strong>freie Mahlzeiten<\/strong>,\u00a0<strong>Kinderbetreuung<\/strong>\u00a0sowie unter anderem auch eine\u00a0<strong>gewerkschaftliche Vertretung<\/strong>.\r\n\r\nNeben fairen Arbeitsbedingungen legen wir besonderen Wert auf nachhaltige Aspekte innerhalb der Verarbeitung. In den Produktionsunternehmen wird daher auf die ganzheitliche Verarbeitung der Cashews geachtet: Die\u00a0<strong>Schalen werden zu \u00d6l gepresst<\/strong>, die\u00a0<strong>ausgepressten Reste zu Brennmaterial weiterverarbeitet<\/strong>. Vermeintliche Abf\u00e4lle werden als\u00a0<strong>organischer D\u00fcnger, Tierfutter oder f\u00fcr die Gewinnung von Strom \u00fcber Biogas\u00a0<\/strong>genutzt. Dadurch tragen wir zur wirtschaftlichen Entwicklung der Region, sozialen Fortschritten und \u00f6kologischer Nachhaltigkeit bei.\r\n\r\nVerantwortung entlang der eigenen Wertsch\u00f6pfungskette zu \u00fcbernehmen ist Seeberger seit langem ein Anliegen. Basierend auf den Vorgaben des deutsche Lieferkettensorgfaltspflichtengesetzes (LkSG) haben wir das bestehende Lieferant:innen-Monitoring optimiert. Ziel ist eine noch gr\u00f6\u00dfere Transparenz und verbindlichere Zusammenarbeit mit den Lieferant:innen in den Ursprungsl\u00e4ndern der Naturprodukte sowie der Ausbau langj\u00e4hriger Partnerschaften.\r\n\r\nWie sich das Thema der Lieferkettenverantwortung in die umfassende Nachhaltigkeitsstrategie einf\u00fcgt, l\u00e4sst sich im Nachhaltigkeitsbericht der Gruppe nachvollziehen.\r\n\r\n<a class=\"button button--outline--primary\" href=\"https:\/\/gruppe.seeberger.de\/de\/unternehmen\/verantwortung-philosophie\/nachhaltigkeit#nachhaltigkeitsberichte\">Mehr erfahren<\/a>[\/vc_column_text][\/vc_column][\/vc_row]<\/div>","protected":false},"excerpt":{"rendered":"Gesch\u00e4ftsf\u00fchrer Ralph Beranek und Eink\u00e4ufer Andreas Heigele besuchten verschiedene Produktionsbetriebe unserer Cashews in C\u00f4te d\u2019Ivoire.","protected":false},"author":7,"featured_media":730,"comment_status":"closed","ping_status":"open","sticky":false,"template":"","format":"standard","meta":{"_acf_changed":false,"inline_featured_image":false,"footnotes":""},"categories":[40,19,39],"tags":[],"class_list":["post-1114","post","type-post","status-publish","format-standard","has-post-thumbnail","hentry","category-lieferkettenverantwortung","category-presse","category-ursprung"],"acf":[],"yoast_head":"<!-- This site is optimized with the Yoast SEO plugin v27.2 - https:\/\/yoast.com\/product\/yoast-seo-wordpress\/ -->\n<title>Eine Reise zum Ursprung der Cashews - Seeberger Gruppe<\/title>\n<meta name=\"description\" content=\"%\" \/>\n<meta name=\"robots\" content=\"index, follow, max-snippet:-1, max-image-preview:large, max-video-preview:-1\" \/>\n<link rel=\"canonical\" href=\"https:\/\/gruppe.seeberger.de\/de\/blog\/eine-reise-zum-ursprung-der-cashews\/\" \/>\n<meta property=\"og:locale\" content=\"de_DE\" \/>\n<meta property=\"og:type\" content=\"article\" \/>\n<meta property=\"og:title\" content=\"Eine Reise zum Ursprung der Cashews - Seeberger Gruppe\" \/>\n<meta property=\"og:description\" content=\"%\" \/>\n<meta property=\"og:url\" content=\"https:\/\/gruppe.seeberger.de\/de\/blog\/eine-reise-zum-ursprung-der-cashews\/\" \/>\n<meta property=\"og:site_name\" content=\"Seeberger Gruppe\" \/>\n<meta property=\"article:publisher\" content=\"https:\/\/www.facebook.com\/seeberger.de\" \/>\n<meta property=\"article:published_time\" content=\"2023-08-09T09:52:48+00:00\" \/>\n<meta property=\"article:modified_time\" content=\"2025-02-21T07:41:34+00:00\" \/>\n<meta property=\"og:image\" content=\"https:\/\/gruppe.seeberger.de\/wp\/wp-content\/uploads\/2024\/03\/Ralph_Beranek__links_im_Bild__und_Andreas_Heigele__rechts_im_Bild_.webp\" \/>\n\t<meta property=\"og:image:width\" content=\"1536\" \/>\n\t<meta property=\"og:image:height\" content=\"1111\" \/>\n\t<meta property=\"og:image:type\" content=\"image\/webp\" \/>\n<meta name=\"author\" content=\"Pluspol Redakteur\" \/>\n<meta name=\"twitter:card\" content=\"summary_large_image\" \/>\n<meta name=\"twitter:label1\" content=\"Verfasst von\" \/>\n\t<meta name=\"twitter:data1\" content=\"Pluspol Redakteur\" \/>\n\t<meta name=\"twitter:label2\" content=\"Gesch\u00e4tzte Lesezeit\" \/>\n\t<meta name=\"twitter:data2\" content=\"4\u00a0Minuten\" \/>\n<script type=\"application\/ld+json\" class=\"yoast-schema-graph\">{\"@context\":\"https:\/\/schema.org\",\"@graph\":[{\"@type\":\"Article\",\"@id\":\"https:\/\/gruppe.seeberger.de\/de\/blog\/eine-reise-zum-ursprung-der-cashews\/#article\",\"isPartOf\":{\"@id\":\"https:\/\/gruppe.seeberger.de\/de\/blog\/eine-reise-zum-ursprung-der-cashews\/\"},\"author\":{\"name\":\"Pluspol Redakteur\",\"@id\":\"https:\/\/gruppe.seeberger.de\/de\/#\/schema\/person\/5e0a65ec56c86b97c646138374eb38d1\"},\"headline\":\"Eine Reise zum Ursprung der Cashews\",\"datePublished\":\"2023-08-09T09:52:48+00:00\",\"dateModified\":\"2025-02-21T07:41:34+00:00\",\"mainEntityOfPage\":{\"@id\":\"https:\/\/gruppe.seeberger.de\/de\/blog\/eine-reise-zum-ursprung-der-cashews\/\"},\"wordCount\":702,\"publisher\":{\"@id\":\"https:\/\/gruppe.seeberger.de\/de\/#organization\"},\"image\":{\"@id\":\"https:\/\/gruppe.seeberger.de\/de\/blog\/eine-reise-zum-ursprung-der-cashews\/#primaryimage\"},\"thumbnailUrl\":\"https:\/\/gruppe.seeberger.de\/wp\/wp-content\/uploads\/2024\/03\/Ralph_Beranek__links_im_Bild__und_Andreas_Heigele__rechts_im_Bild_.webp\",\"articleSection\":[\"Lieferkettenverantwortung\",\"Presse\",\"Ursprung\"],\"inLanguage\":\"de\"},{\"@type\":\"WebPage\",\"@id\":\"https:\/\/gruppe.seeberger.de\/de\/blog\/eine-reise-zum-ursprung-der-cashews\/\",\"url\":\"https:\/\/gruppe.seeberger.de\/de\/blog\/eine-reise-zum-ursprung-der-cashews\/\",\"name\":\"Eine Reise zum Ursprung der Cashews - Seeberger Gruppe\",\"isPartOf\":{\"@id\":\"https:\/\/gruppe.seeberger.de\/de\/#website\"},\"primaryImageOfPage\":{\"@id\":\"https:\/\/gruppe.seeberger.de\/de\/blog\/eine-reise-zum-ursprung-der-cashews\/#primaryimage\"},\"image\":{\"@id\":\"https:\/\/gruppe.seeberger.de\/de\/blog\/eine-reise-zum-ursprung-der-cashews\/#primaryimage\"},\"thumbnailUrl\":\"https:\/\/gruppe.seeberger.de\/wp\/wp-content\/uploads\/2024\/03\/Ralph_Beranek__links_im_Bild__und_Andreas_Heigele__rechts_im_Bild_.webp\",\"datePublished\":\"2023-08-09T09:52:48+00:00\",\"dateModified\":\"2025-02-21T07:41:34+00:00\",\"description\":\"%\",\"breadcrumb\":{\"@id\":\"https:\/\/gruppe.seeberger.de\/de\/blog\/eine-reise-zum-ursprung-der-cashews\/#breadcrumb\"},\"inLanguage\":\"de\",\"potentialAction\":[{\"@type\":\"ReadAction\",\"target\":[\"https:\/\/gruppe.seeberger.de\/de\/blog\/eine-reise-zum-ursprung-der-cashews\/\"]}]},{\"@type\":\"ImageObject\",\"inLanguage\":\"de\",\"@id\":\"https:\/\/gruppe.seeberger.de\/de\/blog\/eine-reise-zum-ursprung-der-cashews\/#primaryimage\",\"url\":\"https:\/\/gruppe.seeberger.de\/wp\/wp-content\/uploads\/2024\/03\/Ralph_Beranek__links_im_Bild__und_Andreas_Heigele__rechts_im_Bild_.webp\",\"contentUrl\":\"https:\/\/gruppe.seeberger.de\/wp\/wp-content\/uploads\/2024\/03\/Ralph_Beranek__links_im_Bild__und_Andreas_Heigele__rechts_im_Bild_.webp\",\"width\":1536,\"height\":1111,\"caption\":\"Gesch\u00e4ftsf\u00fchrer Ralph Beranek und Eink\u00e4ufer stehen vor Cashewbaum\"},{\"@type\":\"BreadcrumbList\",\"@id\":\"https:\/\/gruppe.seeberger.de\/de\/blog\/eine-reise-zum-ursprung-der-cashews\/#breadcrumb\",\"itemListElement\":[{\"@type\":\"ListItem\",\"position\":1,\"name\":\"Home\",\"item\":\"https:\/\/gruppe.seeberger.de\/de\/\"},{\"@type\":\"ListItem\",\"position\":2,\"name\":\"Eine Reise zum Ursprung der Cashews\"}]},{\"@type\":\"WebSite\",\"@id\":\"https:\/\/gruppe.seeberger.de\/de\/#website\",\"url\":\"https:\/\/gruppe.seeberger.de\/de\/\",\"name\":\"Seeberger Gruppe Website\",\"description\":\"Ein Familienunternehmen mit Tradition\",\"publisher\":{\"@id\":\"https:\/\/gruppe.seeberger.de\/de\/#organization\"},\"alternateName\":\"Seeberger Gruppe\",\"potentialAction\":[{\"@type\":\"SearchAction\",\"target\":{\"@type\":\"EntryPoint\",\"urlTemplate\":\"https:\/\/gruppe.seeberger.de\/de\/?s={search_term_string}\"},\"query-input\":{\"@type\":\"PropertyValueSpecification\",\"valueRequired\":true,\"valueName\":\"search_term_string\"}}],\"inLanguage\":\"de\"},{\"@type\":\"Organization\",\"@id\":\"https:\/\/gruppe.seeberger.de\/de\/#organization\",\"name\":\"Seeberger Gruppe\",\"url\":\"https:\/\/gruppe.seeberger.de\/de\/\",\"logo\":{\"@type\":\"ImageObject\",\"inLanguage\":\"de\",\"@id\":\"https:\/\/gruppe.seeberger.de\/de\/#\/schema\/logo\/image\/\",\"url\":\"https:\/\/gruppe.seeberger.de\/wp-content\/uploads\/2024\/03\/seeberger-gruppe-logo.svg\",\"contentUrl\":\"https:\/\/gruppe.seeberger.de\/wp-content\/uploads\/2024\/03\/seeberger-gruppe-logo.svg\",\"width\":224,\"height\":64,\"caption\":\"Seeberger Gruppe\"},\"image\":{\"@id\":\"https:\/\/gruppe.seeberger.de\/de\/#\/schema\/logo\/image\/\"},\"sameAs\":[\"https:\/\/www.facebook.com\/seeberger.de\",\"https:\/\/www.youtube.com\/channel\/UC1ZsMjWjwtYtlymi5VKdRqA\",\"https:\/\/www.instagram.com\/seeberger_1844\/\",\"https:\/\/www.xing.com\/pages\/seebergergmbh\",\"http:\/\/www.linkedin.com\/company\/seeberger\"]},{\"@type\":\"Person\",\"@id\":\"https:\/\/gruppe.seeberger.de\/de\/#\/schema\/person\/5e0a65ec56c86b97c646138374eb38d1\",\"name\":\"Pluspol Redakteur\"}]}<\/script>\n<!-- \/ Yoast SEO plugin. -->","yoast_head_json":{"title":"Eine Reise zum Ursprung der Cashews - Seeberger Gruppe","description":"%","robots":{"index":"index","follow":"follow","max-snippet":"max-snippet:-1","max-image-preview":"max-image-preview:large","max-video-preview":"max-video-preview:-1"},"canonical":"https:\/\/gruppe.seeberger.de\/de\/blog\/eine-reise-zum-ursprung-der-cashews\/","og_locale":"de_DE","og_type":"article","og_title":"Eine Reise zum Ursprung der Cashews - Seeberger Gruppe","og_description":"%","og_url":"https:\/\/gruppe.seeberger.de\/de\/blog\/eine-reise-zum-ursprung-der-cashews\/","og_site_name":"Seeberger Gruppe","article_publisher":"https:\/\/www.facebook.com\/seeberger.de","article_published_time":"2023-08-09T09:52:48+00:00","article_modified_time":"2025-02-21T07:41:34+00:00","og_image":[{"width":1536,"height":1111,"url":"https:\/\/gruppe.seeberger.de\/wp\/wp-content\/uploads\/2024\/03\/Ralph_Beranek__links_im_Bild__und_Andreas_Heigele__rechts_im_Bild_.webp","type":"image\/webp"}],"author":"Pluspol Redakteur","twitter_card":"summary_large_image","twitter_misc":{"Verfasst von":"Pluspol Redakteur","Gesch\u00e4tzte Lesezeit":"4\u00a0Minuten"},"schema":{"@context":"https:\/\/schema.org","@graph":[{"@type":"Article","@id":"https:\/\/gruppe.seeberger.de\/de\/blog\/eine-reise-zum-ursprung-der-cashews\/#article","isPartOf":{"@id":"https:\/\/gruppe.seeberger.de\/de\/blog\/eine-reise-zum-ursprung-der-cashews\/"},"author":{"name":"Pluspol Redakteur","@id":"https:\/\/gruppe.seeberger.de\/de\/#\/schema\/person\/5e0a65ec56c86b97c646138374eb38d1"},"headline":"Eine Reise zum Ursprung der Cashews","datePublished":"2023-08-09T09:52:48+00:00","dateModified":"2025-02-21T07:41:34+00:00","mainEntityOfPage":{"@id":"https:\/\/gruppe.seeberger.de\/de\/blog\/eine-reise-zum-ursprung-der-cashews\/"},"wordCount":702,"publisher":{"@id":"https:\/\/gruppe.seeberger.de\/de\/#organization"},"image":{"@id":"https:\/\/gruppe.seeberger.de\/de\/blog\/eine-reise-zum-ursprung-der-cashews\/#primaryimage"},"thumbnailUrl":"https:\/\/gruppe.seeberger.de\/wp\/wp-content\/uploads\/2024\/03\/Ralph_Beranek__links_im_Bild__und_Andreas_Heigele__rechts_im_Bild_.webp","articleSection":["Lieferkettenverantwortung","Presse","Ursprung"],"inLanguage":"de"},{"@type":"WebPage","@id":"https:\/\/gruppe.seeberger.de\/de\/blog\/eine-reise-zum-ursprung-der-cashews\/","url":"https:\/\/gruppe.seeberger.de\/de\/blog\/eine-reise-zum-ursprung-der-cashews\/","name":"Eine Reise zum Ursprung der Cashews - Seeberger Gruppe","isPartOf":{"@id":"https:\/\/gruppe.seeberger.de\/de\/#website"},"primaryImageOfPage":{"@id":"https:\/\/gruppe.seeberger.de\/de\/blog\/eine-reise-zum-ursprung-der-cashews\/#primaryimage"},"image":{"@id":"https:\/\/gruppe.seeberger.de\/de\/blog\/eine-reise-zum-ursprung-der-cashews\/#primaryimage"},"thumbnailUrl":"https:\/\/gruppe.seeberger.de\/wp\/wp-content\/uploads\/2024\/03\/Ralph_Beranek__links_im_Bild__und_Andreas_Heigele__rechts_im_Bild_.webp","datePublished":"2023-08-09T09:52:48+00:00","dateModified":"2025-02-21T07:41:34+00:00","description":"%","breadcrumb":{"@id":"https:\/\/gruppe.seeberger.de\/de\/blog\/eine-reise-zum-ursprung-der-cashews\/#breadcrumb"},"inLanguage":"de","potentialAction":[{"@type":"ReadAction","target":["https:\/\/gruppe.seeberger.de\/de\/blog\/eine-reise-zum-ursprung-der-cashews\/"]}]},{"@type":"ImageObject","inLanguage":"de","@id":"https:\/\/gruppe.seeberger.de\/de\/blog\/eine-reise-zum-ursprung-der-cashews\/#primaryimage","url":"https:\/\/gruppe.seeberger.de\/wp\/wp-content\/uploads\/2024\/03\/Ralph_Beranek__links_im_Bild__und_Andreas_Heigele__rechts_im_Bild_.webp","contentUrl":"https:\/\/gruppe.seeberger.de\/wp\/wp-content\/uploads\/2024\/03\/Ralph_Beranek__links_im_Bild__und_Andreas_Heigele__rechts_im_Bild_.webp","width":1536,"height":1111,"caption":"Gesch\u00e4ftsf\u00fchrer Ralph Beranek und Eink\u00e4ufer stehen vor Cashewbaum"},{"@type":"BreadcrumbList","@id":"https:\/\/gruppe.seeberger.de\/de\/blog\/eine-reise-zum-ursprung-der-cashews\/#breadcrumb","itemListElement":[{"@type":"ListItem","position":1,"name":"Home","item":"https:\/\/gruppe.seeberger.de\/de\/"},{"@type":"ListItem","position":2,"name":"Eine Reise zum Ursprung der Cashews"}]},{"@type":"WebSite","@id":"https:\/\/gruppe.seeberger.de\/de\/#website","url":"https:\/\/gruppe.seeberger.de\/de\/","name":"Seeberger Gruppe Website","description":"Ein Familienunternehmen mit Tradition","publisher":{"@id":"https:\/\/gruppe.seeberger.de\/de\/#organization"},"alternateName":"Seeberger Gruppe","potentialAction":[{"@type":"SearchAction","target":{"@type":"EntryPoint","urlTemplate":"https:\/\/gruppe.seeberger.de\/de\/?s={search_term_string}"},"query-input":{"@type":"PropertyValueSpecification","valueRequired":true,"valueName":"search_term_string"}}],"inLanguage":"de"},{"@type":"Organization","@id":"https:\/\/gruppe.seeberger.de\/de\/#organization","name":"Seeberger Gruppe","url":"https:\/\/gruppe.seeberger.de\/de\/","logo":{"@type":"ImageObject","inLanguage":"de","@id":"https:\/\/gruppe.seeberger.de\/de\/#\/schema\/logo\/image\/","url":"https:\/\/gruppe.seeberger.de\/wp-content\/uploads\/2024\/03\/seeberger-gruppe-logo.svg","contentUrl":"https:\/\/gruppe.seeberger.de\/wp-content\/uploads\/2024\/03\/seeberger-gruppe-logo.svg","width":224,"height":64,"caption":"Seeberger Gruppe"},"image":{"@id":"https:\/\/gruppe.seeberger.de\/de\/#\/schema\/logo\/image\/"},"sameAs":["https:\/\/www.facebook.com\/seeberger.de","https:\/\/www.youtube.com\/channel\/UC1ZsMjWjwtYtlymi5VKdRqA","https:\/\/www.instagram.com\/seeberger_1844\/","https:\/\/www.xing.com\/pages\/seebergergmbh","http:\/\/www.linkedin.com\/company\/seeberger"]},{"@type":"Person","@id":"https:\/\/gruppe.seeberger.de\/de\/#\/schema\/person\/5e0a65ec56c86b97c646138374eb38d1","name":"Pluspol Redakteur"}]}},"_links":{"self":[{"href":"https:\/\/gruppe.seeberger.de\/de\/wp-json\/wp\/v2\/posts\/1114","targetHints":{"allow":["GET"]}}],"collection":[{"href":"https:\/\/gruppe.seeberger.de\/de\/wp-json\/wp\/v2\/posts"}],"about":[{"href":"https:\/\/gruppe.seeberger.de\/de\/wp-json\/wp\/v2\/types\/post"}],"author":[{"embeddable":true,"href":"https:\/\/gruppe.seeberger.de\/de\/wp-json\/wp\/v2\/users\/7"}],"replies":[{"embeddable":true,"href":"https:\/\/gruppe.seeberger.de\/de\/wp-json\/wp\/v2\/comments?post=1114"}],"version-history":[{"count":8,"href":"https:\/\/gruppe.seeberger.de\/de\/wp-json\/wp\/v2\/posts\/1114\/revisions"}],"predecessor-version":[{"id":1161,"href":"https:\/\/gruppe.seeberger.de\/de\/wp-json\/wp\/v2\/posts\/1114\/revisions\/1161"}],"wp:featuredmedia":[{"embeddable":true,"href":"https:\/\/gruppe.seeberger.de\/de\/wp-json\/wp\/v2\/media\/730"}],"wp:attachment":[{"href":"https:\/\/gruppe.seeberger.de\/de\/wp-json\/wp\/v2\/media?parent=1114"}],"wp:term":[{"taxonomy":"category","embeddable":true,"href":"https:\/\/gruppe.seeberger.de\/de\/wp-json\/wp\/v2\/categories?post=1114"},{"taxonomy":"post_tag","embeddable":true,"href":"https:\/\/gruppe.seeberger.de\/de\/wp-json\/wp\/v2\/tags?post=1114"}],"curies":[{"name":"wp","href":"https:\/\/api.w.org\/{rel}","templated":true}]}}