{"id":719,"date":"2023-11-17T15:26:04","date_gmt":"2023-11-17T14:26:04","guid":{"rendered":"https:\/\/gruppe.seeberger.de\/?p=719"},"modified":"2025-02-21T08:41:34","modified_gmt":"2025-02-21T07:41:34","slug":"seeberger-gewinnt-den-ulmer-marketing-preis-2023","status":"publish","type":"post","link":"https:\/\/gruppe.seeberger.de\/de\/blog\/seeberger-gewinnt-den-ulmer-marketing-preis-2023\/","title":{"rendered":"Seeberger gewinnt den Ulmer Marketing Preis 2023"},"content":{"rendered":"<div class=\"wpb-content-wrapper\">[vc_row ppi_content_type=&#8220;ppi_content_width_medium&#8220;][vc_column][vc_column_text]\r\n<h1>Seeberger gewinnt den Ulmer Marketing Preis 2023<\/h1>\r\n[\/vc_column_text]<div class=\"see_image \"><figure><img loading=\"lazy\" decoding=\"async\" width=\"960\" height=\"720\" src=\"https:\/\/gruppe.seeberger.de\/wp\/wp-content\/uploads\/2024\/03\/Marketingpreis.webp\" class=\"attachment-see-lg size-see-lg\" alt=\"Marketingteam mit Ulmer Marketing Preis\" srcset=\"https:\/\/gruppe.seeberger.de\/wp\/wp-content\/uploads\/2024\/03\/Marketingpreis.webp 960w, https:\/\/gruppe.seeberger.de\/wp\/wp-content\/uploads\/2024\/03\/Marketingpreis-300x225.webp 300w, https:\/\/gruppe.seeberger.de\/wp\/wp-content\/uploads\/2024\/03\/Marketingpreis-768x576.webp 768w, https:\/\/gruppe.seeberger.de\/wp\/wp-content\/uploads\/2024\/03\/Marketingpreis-480x360.webp 480w\" sizes=\"auto, (max-width: 960px) 100vw, 960px\" \/><\/figure><\/div>[vc_column_text]Mit dem Markenrelaunch in unserem Gesch\u00e4ftsbereich Handel haben wir bei der diesj\u00e4hrigen Verleihung des renommierten Ulmer Marketingpreises 2023 den Hauptpreis gewonnen. Unser gesch\u00e4ftsf\u00fchrender Gesellschafter Clemens Keller sowie Marketing Direktor Tim Jerg mit einem Teil des Marketing-Teams nahmen den Preis, der alle 2 Jahre verliehen wird, im Rahmen der Verleihung in der Sparkasse Ulm entgegen. Dabei konnten wir uns im Finale gegen die starke Konkurrenz von Uzin Utz (Dachmarkenstrategie) sowie den Basketballern von ratiopharm ulm (Re-Branding) eindrucksvoll durchsetzen. Neben der konsequent strategischen Herangehensweise und der mutigen gestalterischen Umsetzung \u00fcberzeugte unser Markenkonzept die hochkar\u00e4tige Jury mit dem durch Zahlen belegten Erfolg wie z.B. die gesteigerte Bekanntheit, Sympathiewerte etc. Eine tolle Best\u00e4tigung und Ansporn, diesen eingeschlagenen Weg weiter mutig zu gehen!\r\n\r\n[\/vc_column_text][\/vc_column][\/vc_row]<\/div>","protected":false},"excerpt":{"rendered":"Wir gewinnen bei der diesj\u00e4hrigen Verleihung des renommierten Ulmer Marketingpreises 2023 den Hauptpreis.","protected":false},"author":7,"featured_media":720,"comment_status":"closed","ping_status":"open","sticky":false,"template":"","format":"standard","meta":{"_acf_changed":false,"inline_featured_image":false,"footnotes":""},"categories":[20],"tags":[],"class_list":["post-719","post","type-post","status-publish","format-standard","has-post-thumbnail","hentry","category-snacks"],"acf":[],"yoast_head":"<!-- This site is optimized with the Yoast SEO plugin v27.2 - https:\/\/yoast.com\/product\/yoast-seo-wordpress\/ -->\n<title>Seeberger gewinnt den Ulmer Marketing Preis 2023 - Seeberger Gruppe<\/title>\n<meta name=\"description\" content=\"%\" \/>\n<meta name=\"robots\" content=\"index, follow, max-snippet:-1, max-image-preview:large, max-video-preview:-1\" \/>\n<link rel=\"canonical\" href=\"https:\/\/gruppe.seeberger.de\/de\/blog\/seeberger-gewinnt-den-ulmer-marketing-preis-2023\/\" \/>\n<meta property=\"og:locale\" content=\"de_DE\" \/>\n<meta property=\"og:type\" content=\"article\" \/>\n<meta property=\"og:title\" content=\"Seeberger gewinnt den Ulmer Marketing Preis 2023 - Seeberger Gruppe\" \/>\n<meta property=\"og:description\" content=\"%\" \/>\n<meta property=\"og:url\" content=\"https:\/\/gruppe.seeberger.de\/de\/blog\/seeberger-gewinnt-den-ulmer-marketing-preis-2023\/\" \/>\n<meta property=\"og:site_name\" content=\"Seeberger Gruppe\" \/>\n<meta property=\"article:publisher\" content=\"https:\/\/www.facebook.com\/seeberger.de\" \/>\n<meta property=\"article:published_time\" content=\"2023-11-17T14:26:04+00:00\" \/>\n<meta property=\"article:modified_time\" content=\"2025-02-21T07:41:34+00:00\" \/>\n<meta property=\"og:image\" content=\"https:\/\/gruppe.seeberger.de\/wp\/wp-content\/uploads\/2024\/03\/Marketingpreis.webp\" \/>\n\t<meta property=\"og:image:width\" content=\"960\" \/>\n\t<meta property=\"og:image:height\" content=\"720\" \/>\n\t<meta property=\"og:image:type\" content=\"image\/webp\" \/>\n<meta name=\"author\" content=\"Pluspol Redakteur\" \/>\n<meta name=\"twitter:card\" content=\"summary_large_image\" \/>\n<meta name=\"twitter:label1\" content=\"Verfasst von\" \/>\n\t<meta name=\"twitter:data1\" content=\"Pluspol Redakteur\" \/>\n\t<meta name=\"twitter:label2\" content=\"Gesch\u00e4tzte Lesezeit\" \/>\n\t<meta name=\"twitter:data2\" content=\"1\u00a0Minute\" \/>\n<script type=\"application\/ld+json\" class=\"yoast-schema-graph\">{\"@context\":\"https:\/\/schema.org\",\"@graph\":[{\"@type\":\"Article\",\"@id\":\"https:\/\/gruppe.seeberger.de\/de\/blog\/seeberger-gewinnt-den-ulmer-marketing-preis-2023\/#article\",\"isPartOf\":{\"@id\":\"https:\/\/gruppe.seeberger.de\/de\/blog\/seeberger-gewinnt-den-ulmer-marketing-preis-2023\/\"},\"author\":{\"name\":\"Pluspol Redakteur\",\"@id\":\"https:\/\/gruppe.seeberger.de\/de\/#\/schema\/person\/5e0a65ec56c86b97c646138374eb38d1\"},\"headline\":\"Seeberger gewinnt den Ulmer Marketing Preis 2023\",\"datePublished\":\"2023-11-17T14:26:04+00:00\",\"dateModified\":\"2025-02-21T07:41:34+00:00\",\"mainEntityOfPage\":{\"@id\":\"https:\/\/gruppe.seeberger.de\/de\/blog\/seeberger-gewinnt-den-ulmer-marketing-preis-2023\/\"},\"wordCount\":165,\"publisher\":{\"@id\":\"https:\/\/gruppe.seeberger.de\/de\/#organization\"},\"image\":{\"@id\":\"https:\/\/gruppe.seeberger.de\/de\/blog\/seeberger-gewinnt-den-ulmer-marketing-preis-2023\/#primaryimage\"},\"thumbnailUrl\":\"https:\/\/gruppe.seeberger.de\/wp\/wp-content\/uploads\/2024\/03\/Marketingpreis.webp\",\"articleSection\":[\"Snacks\"],\"inLanguage\":\"de\"},{\"@type\":\"WebPage\",\"@id\":\"https:\/\/gruppe.seeberger.de\/de\/blog\/seeberger-gewinnt-den-ulmer-marketing-preis-2023\/\",\"url\":\"https:\/\/gruppe.seeberger.de\/de\/blog\/seeberger-gewinnt-den-ulmer-marketing-preis-2023\/\",\"name\":\"Seeberger gewinnt den Ulmer Marketing Preis 2023 - Seeberger Gruppe\",\"isPartOf\":{\"@id\":\"https:\/\/gruppe.seeberger.de\/de\/#website\"},\"primaryImageOfPage\":{\"@id\":\"https:\/\/gruppe.seeberger.de\/de\/blog\/seeberger-gewinnt-den-ulmer-marketing-preis-2023\/#primaryimage\"},\"image\":{\"@id\":\"https:\/\/gruppe.seeberger.de\/de\/blog\/seeberger-gewinnt-den-ulmer-marketing-preis-2023\/#primaryimage\"},\"thumbnailUrl\":\"https:\/\/gruppe.seeberger.de\/wp\/wp-content\/uploads\/2024\/03\/Marketingpreis.webp\",\"datePublished\":\"2023-11-17T14:26:04+00:00\",\"dateModified\":\"2025-02-21T07:41:34+00:00\",\"description\":\"%\",\"breadcrumb\":{\"@id\":\"https:\/\/gruppe.seeberger.de\/de\/blog\/seeberger-gewinnt-den-ulmer-marketing-preis-2023\/#breadcrumb\"},\"inLanguage\":\"de\",\"potentialAction\":[{\"@type\":\"ReadAction\",\"target\":[\"https:\/\/gruppe.seeberger.de\/de\/blog\/seeberger-gewinnt-den-ulmer-marketing-preis-2023\/\"]}]},{\"@type\":\"ImageObject\",\"inLanguage\":\"de\",\"@id\":\"https:\/\/gruppe.seeberger.de\/de\/blog\/seeberger-gewinnt-den-ulmer-marketing-preis-2023\/#primaryimage\",\"url\":\"https:\/\/gruppe.seeberger.de\/wp\/wp-content\/uploads\/2024\/03\/Marketingpreis.webp\",\"contentUrl\":\"https:\/\/gruppe.seeberger.de\/wp\/wp-content\/uploads\/2024\/03\/Marketingpreis.webp\",\"width\":960,\"height\":720,\"caption\":\"Marketingteam mit Ulmer Marketing Preis\"},{\"@type\":\"BreadcrumbList\",\"@id\":\"https:\/\/gruppe.seeberger.de\/de\/blog\/seeberger-gewinnt-den-ulmer-marketing-preis-2023\/#breadcrumb\",\"itemListElement\":[{\"@type\":\"ListItem\",\"position\":1,\"name\":\"Home\",\"item\":\"https:\/\/gruppe.seeberger.de\/de\/\"},{\"@type\":\"ListItem\",\"position\":2,\"name\":\"Seeberger gewinnt den Ulmer Marketing Preis 2023\"}]},{\"@type\":\"WebSite\",\"@id\":\"https:\/\/gruppe.seeberger.de\/de\/#website\",\"url\":\"https:\/\/gruppe.seeberger.de\/de\/\",\"name\":\"Seeberger Gruppe Website\",\"description\":\"Ein Familienunternehmen mit Tradition\",\"publisher\":{\"@id\":\"https:\/\/gruppe.seeberger.de\/de\/#organization\"},\"alternateName\":\"Seeberger Gruppe\",\"potentialAction\":[{\"@type\":\"SearchAction\",\"target\":{\"@type\":\"EntryPoint\",\"urlTemplate\":\"https:\/\/gruppe.seeberger.de\/de\/?s={search_term_string}\"},\"query-input\":{\"@type\":\"PropertyValueSpecification\",\"valueRequired\":true,\"valueName\":\"search_term_string\"}}],\"inLanguage\":\"de\"},{\"@type\":\"Organization\",\"@id\":\"https:\/\/gruppe.seeberger.de\/de\/#organization\",\"name\":\"Seeberger Gruppe\",\"url\":\"https:\/\/gruppe.seeberger.de\/de\/\",\"logo\":{\"@type\":\"ImageObject\",\"inLanguage\":\"de\",\"@id\":\"https:\/\/gruppe.seeberger.de\/de\/#\/schema\/logo\/image\/\",\"url\":\"https:\/\/gruppe.seeberger.de\/wp-content\/uploads\/2024\/03\/seeberger-gruppe-logo.svg\",\"contentUrl\":\"https:\/\/gruppe.seeberger.de\/wp-content\/uploads\/2024\/03\/seeberger-gruppe-logo.svg\",\"width\":224,\"height\":64,\"caption\":\"Seeberger Gruppe\"},\"image\":{\"@id\":\"https:\/\/gruppe.seeberger.de\/de\/#\/schema\/logo\/image\/\"},\"sameAs\":[\"https:\/\/www.facebook.com\/seeberger.de\",\"https:\/\/www.youtube.com\/channel\/UC1ZsMjWjwtYtlymi5VKdRqA\",\"https:\/\/www.instagram.com\/seeberger_1844\/\",\"https:\/\/www.xing.com\/pages\/seebergergmbh\",\"http:\/\/www.linkedin.com\/company\/seeberger\"]},{\"@type\":\"Person\",\"@id\":\"https:\/\/gruppe.seeberger.de\/de\/#\/schema\/person\/5e0a65ec56c86b97c646138374eb38d1\",\"name\":\"Pluspol Redakteur\"}]}<\/script>\n<!-- \/ Yoast SEO plugin. -->","yoast_head_json":{"title":"Seeberger gewinnt den Ulmer Marketing Preis 2023 - Seeberger Gruppe","description":"%","robots":{"index":"index","follow":"follow","max-snippet":"max-snippet:-1","max-image-preview":"max-image-preview:large","max-video-preview":"max-video-preview:-1"},"canonical":"https:\/\/gruppe.seeberger.de\/de\/blog\/seeberger-gewinnt-den-ulmer-marketing-preis-2023\/","og_locale":"de_DE","og_type":"article","og_title":"Seeberger gewinnt den Ulmer Marketing Preis 2023 - Seeberger Gruppe","og_description":"%","og_url":"https:\/\/gruppe.seeberger.de\/de\/blog\/seeberger-gewinnt-den-ulmer-marketing-preis-2023\/","og_site_name":"Seeberger Gruppe","article_publisher":"https:\/\/www.facebook.com\/seeberger.de","article_published_time":"2023-11-17T14:26:04+00:00","article_modified_time":"2025-02-21T07:41:34+00:00","og_image":[{"width":960,"height":720,"url":"https:\/\/gruppe.seeberger.de\/wp\/wp-content\/uploads\/2024\/03\/Marketingpreis.webp","type":"image\/webp"}],"author":"Pluspol Redakteur","twitter_card":"summary_large_image","twitter_misc":{"Verfasst von":"Pluspol Redakteur","Gesch\u00e4tzte Lesezeit":"1\u00a0Minute"},"schema":{"@context":"https:\/\/schema.org","@graph":[{"@type":"Article","@id":"https:\/\/gruppe.seeberger.de\/de\/blog\/seeberger-gewinnt-den-ulmer-marketing-preis-2023\/#article","isPartOf":{"@id":"https:\/\/gruppe.seeberger.de\/de\/blog\/seeberger-gewinnt-den-ulmer-marketing-preis-2023\/"},"author":{"name":"Pluspol Redakteur","@id":"https:\/\/gruppe.seeberger.de\/de\/#\/schema\/person\/5e0a65ec56c86b97c646138374eb38d1"},"headline":"Seeberger gewinnt den Ulmer Marketing Preis 2023","datePublished":"2023-11-17T14:26:04+00:00","dateModified":"2025-02-21T07:41:34+00:00","mainEntityOfPage":{"@id":"https:\/\/gruppe.seeberger.de\/de\/blog\/seeberger-gewinnt-den-ulmer-marketing-preis-2023\/"},"wordCount":165,"publisher":{"@id":"https:\/\/gruppe.seeberger.de\/de\/#organization"},"image":{"@id":"https:\/\/gruppe.seeberger.de\/de\/blog\/seeberger-gewinnt-den-ulmer-marketing-preis-2023\/#primaryimage"},"thumbnailUrl":"https:\/\/gruppe.seeberger.de\/wp\/wp-content\/uploads\/2024\/03\/Marketingpreis.webp","articleSection":["Snacks"],"inLanguage":"de"},{"@type":"WebPage","@id":"https:\/\/gruppe.seeberger.de\/de\/blog\/seeberger-gewinnt-den-ulmer-marketing-preis-2023\/","url":"https:\/\/gruppe.seeberger.de\/de\/blog\/seeberger-gewinnt-den-ulmer-marketing-preis-2023\/","name":"Seeberger gewinnt den Ulmer Marketing Preis 2023 - Seeberger Gruppe","isPartOf":{"@id":"https:\/\/gruppe.seeberger.de\/de\/#website"},"primaryImageOfPage":{"@id":"https:\/\/gruppe.seeberger.de\/de\/blog\/seeberger-gewinnt-den-ulmer-marketing-preis-2023\/#primaryimage"},"image":{"@id":"https:\/\/gruppe.seeberger.de\/de\/blog\/seeberger-gewinnt-den-ulmer-marketing-preis-2023\/#primaryimage"},"thumbnailUrl":"https:\/\/gruppe.seeberger.de\/wp\/wp-content\/uploads\/2024\/03\/Marketingpreis.webp","datePublished":"2023-11-17T14:26:04+00:00","dateModified":"2025-02-21T07:41:34+00:00","description":"%","breadcrumb":{"@id":"https:\/\/gruppe.seeberger.de\/de\/blog\/seeberger-gewinnt-den-ulmer-marketing-preis-2023\/#breadcrumb"},"inLanguage":"de","potentialAction":[{"@type":"ReadAction","target":["https:\/\/gruppe.seeberger.de\/de\/blog\/seeberger-gewinnt-den-ulmer-marketing-preis-2023\/"]}]},{"@type":"ImageObject","inLanguage":"de","@id":"https:\/\/gruppe.seeberger.de\/de\/blog\/seeberger-gewinnt-den-ulmer-marketing-preis-2023\/#primaryimage","url":"https:\/\/gruppe.seeberger.de\/wp\/wp-content\/uploads\/2024\/03\/Marketingpreis.webp","contentUrl":"https:\/\/gruppe.seeberger.de\/wp\/wp-content\/uploads\/2024\/03\/Marketingpreis.webp","width":960,"height":720,"caption":"Marketingteam mit Ulmer Marketing Preis"},{"@type":"BreadcrumbList","@id":"https:\/\/gruppe.seeberger.de\/de\/blog\/seeberger-gewinnt-den-ulmer-marketing-preis-2023\/#breadcrumb","itemListElement":[{"@type":"ListItem","position":1,"name":"Home","item":"https:\/\/gruppe.seeberger.de\/de\/"},{"@type":"ListItem","position":2,"name":"Seeberger gewinnt den Ulmer Marketing Preis 2023"}]},{"@type":"WebSite","@id":"https:\/\/gruppe.seeberger.de\/de\/#website","url":"https:\/\/gruppe.seeberger.de\/de\/","name":"Seeberger Gruppe Website","description":"Ein Familienunternehmen mit Tradition","publisher":{"@id":"https:\/\/gruppe.seeberger.de\/de\/#organization"},"alternateName":"Seeberger Gruppe","potentialAction":[{"@type":"SearchAction","target":{"@type":"EntryPoint","urlTemplate":"https:\/\/gruppe.seeberger.de\/de\/?s={search_term_string}"},"query-input":{"@type":"PropertyValueSpecification","valueRequired":true,"valueName":"search_term_string"}}],"inLanguage":"de"},{"@type":"Organization","@id":"https:\/\/gruppe.seeberger.de\/de\/#organization","name":"Seeberger Gruppe","url":"https:\/\/gruppe.seeberger.de\/de\/","logo":{"@type":"ImageObject","inLanguage":"de","@id":"https:\/\/gruppe.seeberger.de\/de\/#\/schema\/logo\/image\/","url":"https:\/\/gruppe.seeberger.de\/wp-content\/uploads\/2024\/03\/seeberger-gruppe-logo.svg","contentUrl":"https:\/\/gruppe.seeberger.de\/wp-content\/uploads\/2024\/03\/seeberger-gruppe-logo.svg","width":224,"height":64,"caption":"Seeberger Gruppe"},"image":{"@id":"https:\/\/gruppe.seeberger.de\/de\/#\/schema\/logo\/image\/"},"sameAs":["https:\/\/www.facebook.com\/seeberger.de","https:\/\/www.youtube.com\/channel\/UC1ZsMjWjwtYtlymi5VKdRqA","https:\/\/www.instagram.com\/seeberger_1844\/","https:\/\/www.xing.com\/pages\/seebergergmbh","http:\/\/www.linkedin.com\/company\/seeberger"]},{"@type":"Person","@id":"https:\/\/gruppe.seeberger.de\/de\/#\/schema\/person\/5e0a65ec56c86b97c646138374eb38d1","name":"Pluspol Redakteur"}]}},"_links":{"self":[{"href":"https:\/\/gruppe.seeberger.de\/de\/wp-json\/wp\/v2\/posts\/719","targetHints":{"allow":["GET"]}}],"collection":[{"href":"https:\/\/gruppe.seeberger.de\/de\/wp-json\/wp\/v2\/posts"}],"about":[{"href":"https:\/\/gruppe.seeberger.de\/de\/wp-json\/wp\/v2\/types\/post"}],"author":[{"embeddable":true,"href":"https:\/\/gruppe.seeberger.de\/de\/wp-json\/wp\/v2\/users\/7"}],"replies":[{"embeddable":true,"href":"https:\/\/gruppe.seeberger.de\/de\/wp-json\/wp\/v2\/comments?post=719"}],"version-history":[{"count":11,"href":"https:\/\/gruppe.seeberger.de\/de\/wp-json\/wp\/v2\/posts\/719\/revisions"}],"predecessor-version":[{"id":1158,"href":"https:\/\/gruppe.seeberger.de\/de\/wp-json\/wp\/v2\/posts\/719\/revisions\/1158"}],"wp:featuredmedia":[{"embeddable":true,"href":"https:\/\/gruppe.seeberger.de\/de\/wp-json\/wp\/v2\/media\/720"}],"wp:attachment":[{"href":"https:\/\/gruppe.seeberger.de\/de\/wp-json\/wp\/v2\/media?parent=719"}],"wp:term":[{"taxonomy":"category","embeddable":true,"href":"https:\/\/gruppe.seeberger.de\/de\/wp-json\/wp\/v2\/categories?post=719"},{"taxonomy":"post_tag","embeddable":true,"href":"https:\/\/gruppe.seeberger.de\/de\/wp-json\/wp\/v2\/tags?post=719"}],"curies":[{"name":"wp","href":"https:\/\/api.w.org\/{rel}","templated":true}]}}