{"id":807,"date":"2022-11-11T11:49:20","date_gmt":"2022-11-11T10:49:20","guid":{"rendered":"https:\/\/gruppe.seeberger.de\/?p=807"},"modified":"2025-02-21T08:41:35","modified_gmt":"2025-02-21T07:41:35","slug":"produktverpackungen-mit-30-rezyklat-anteil","status":"publish","type":"post","link":"https:\/\/gruppe.seeberger.de\/de\/blog\/produktverpackungen-mit-30-rezyklat-anteil\/","title":{"rendered":"Produktverpackungen mit 30 % Rezyklat-Anteil"},"content":{"rendered":"<div class=\"wpb-content-wrapper\">[vc_row ppi_content_type=&#8220;ppi_content_width_medium&#8220;][vc_column][vc_column_text]\r\n<h1 class=\"h1 magazine-detailHeadline\" style=\"text-align: center;\">Produktverpackungen mit 30 % Rezyklat-Anteil<\/h1>\r\n[\/vc_column_text][vc_column_text]\r\n<div class=\"ce-bodytext\">\r\n\r\nIn der perfekten Kreislaufwirtschaft entstehen keine Abf\u00e4lle. Produkte werden so hergestellt, dass sie ohne Qualit\u00e4tsverlust zu neuen Rohstoffen und wieder zu Produkten werden k\u00f6nnen. Die Kreislaufwirtschaft schont Ressourcen, reduziert klimasch\u00e4dliche Treibhausgase und sie k\u00f6nnte das globale Abfallproblem l\u00f6sen.\r\n\r\nBereits seit 2019 reduzieren wir Verpackungsmaterial und setzen nach und nach recyclingf\u00e4higes Monoverbundmaterial bei unseren Produktverpackungen ein. Jetzt gehen wir den n\u00e4chsten Schritt und bewegen uns weiter in Richtung unserer Vision, Kreisl\u00e4ufe zu schlie\u00dfen.\r\n\r\nSeit Mitte September werden drei von insgesamt zehn definierten Produkten im Bereich N\u00fcsse &amp; Fr\u00fcchte in Folien mit 30 % Rezyklat-Anteil (aus Massenbilanz) ausgeliefert. Die restlichen sieben Produkte folgen bis Ende 2022. Ein passendes Logo auf der Verpackungsr\u00fcckseite macht dies kenntlich.\r\n\r\n<\/div>\r\n[\/vc_column_text]<div class=\"see_image \"><figure><img loading=\"lazy\" decoding=\"async\" width=\"1199\" height=\"392\" src=\"https:\/\/gruppe.seeberger.de\/wp\/wp-content\/uploads\/2024\/03\/csm_220829_Logo_Rezyklat_horizont_mMassenbilanz_RZ_ZW_ecb11d72ee.webp\" class=\"attachment-see-lg size-see-lg\" alt=\"Icon, das eine recycelte Verpackung zeigt\" srcset=\"https:\/\/gruppe.seeberger.de\/wp\/wp-content\/uploads\/2024\/03\/csm_220829_Logo_Rezyklat_horizont_mMassenbilanz_RZ_ZW_ecb11d72ee.webp 1199w, https:\/\/gruppe.seeberger.de\/wp\/wp-content\/uploads\/2024\/03\/csm_220829_Logo_Rezyklat_horizont_mMassenbilanz_RZ_ZW_ecb11d72ee-300x98.webp 300w, https:\/\/gruppe.seeberger.de\/wp\/wp-content\/uploads\/2024\/03\/csm_220829_Logo_Rezyklat_horizont_mMassenbilanz_RZ_ZW_ecb11d72ee-1024x335.webp 1024w, https:\/\/gruppe.seeberger.de\/wp\/wp-content\/uploads\/2024\/03\/csm_220829_Logo_Rezyklat_horizont_mMassenbilanz_RZ_ZW_ecb11d72ee-768x251.webp 768w, https:\/\/gruppe.seeberger.de\/wp\/wp-content\/uploads\/2024\/03\/csm_220829_Logo_Rezyklat_horizont_mMassenbilanz_RZ_ZW_ecb11d72ee-992x324.webp 992w, https:\/\/gruppe.seeberger.de\/wp\/wp-content\/uploads\/2024\/03\/csm_220829_Logo_Rezyklat_horizont_mMassenbilanz_RZ_ZW_ecb11d72ee-480x157.webp 480w\" sizes=\"auto, (max-width: 1199px) 100vw, 1199px\" \/><\/figure><\/div>[vc_column_text]\r\n<div class=\"ce-bodytext\">\r\n<div id=\"c17847\" class=\"frame frame-default frame-type-text frame-layout-0\">\r\n\r\nDer Prozess der Kreislaufwirtschaft funktioniert in zwei Systemen &#8211; die Wiederverwertung von Prim\u00e4rverpackungen geh\u00f6rt in den technischen Kreislauf:\r\n\r\n&nbsp;\r\n\r\n<\/div>\r\n<div id=\"c17848\" class=\"frame frame-default frame-type-textpic frame-layout-0\"><header>\r\n<h5 class=\"h5 special \"><span style=\"text-decoration: underline;\"><strong>TECHNISCHER KREISLAUF<\/strong><\/span><\/h5>\r\n&nbsp;\r\n\r\n<\/header>\r\n<div class=\"ce-textpic ce-center ce-below\">\r\n<div class=\"ce-bodytext\">\r\n\r\nGebrauchsg\u00fcter werden nach Ablauf ihrer Funktion zu technischen N\u00e4hrstoffen zerlegt und erm\u00f6glichen so die Produktion neuer Gebrauchsg\u00fcter.\r\n\r\n<\/div>\r\n<\/div>\r\n<\/div>\r\n<\/div>\r\n[\/vc_column_text]<div class=\"see_image \"><figure><img loading=\"lazy\" decoding=\"async\" width=\"1199\" height=\"1062\" src=\"https:\/\/gruppe.seeberger.de\/wp\/wp-content\/uploads\/2024\/03\/csm_Technischer_Kreislauf_02bd7b219c.webp\" class=\"attachment-see-lg size-see-lg\" alt=\"Grafik, die den technischen Kreislauf von der Produktherstellung beschreibt.\" srcset=\"https:\/\/gruppe.seeberger.de\/wp\/wp-content\/uploads\/2024\/03\/csm_Technischer_Kreislauf_02bd7b219c.webp 1199w, https:\/\/gruppe.seeberger.de\/wp\/wp-content\/uploads\/2024\/03\/csm_Technischer_Kreislauf_02bd7b219c-300x266.webp 300w, https:\/\/gruppe.seeberger.de\/wp\/wp-content\/uploads\/2024\/03\/csm_Technischer_Kreislauf_02bd7b219c-1024x907.webp 1024w, https:\/\/gruppe.seeberger.de\/wp\/wp-content\/uploads\/2024\/03\/csm_Technischer_Kreislauf_02bd7b219c-768x680.webp 768w, https:\/\/gruppe.seeberger.de\/wp\/wp-content\/uploads\/2024\/03\/csm_Technischer_Kreislauf_02bd7b219c-992x879.webp 992w, https:\/\/gruppe.seeberger.de\/wp\/wp-content\/uploads\/2024\/03\/csm_Technischer_Kreislauf_02bd7b219c-480x425.webp 480w\" sizes=\"auto, (max-width: 1199px) 100vw, 1199px\" \/><\/figure><\/div>[vc_column_text]Unsere hochwertigen Naturprodukte m\u00fcssen sicher und in bester Qualit\u00e4t bei unseren Kund:innen ankommen. Daf\u00fcr muss ihre Verpackung herausragend sein. Das gilt zunehmend auch f\u00fcr ihre Nachhaltigkeit. Auf dem Weg zu einer nachhaltigen Verpackung ist das Prinzip der Kreislaufwirtschaft unser Vorbild. Unser Ziel ist, dass unsere Verpackungen m\u00f6glichst recycelt und als Rezyklat wiederverwertet werden k\u00f6nnen.\r\n\r\n<header>\r\n<h5 class=\"h5 special \"><span style=\"text-decoration: underline;\"><strong>BIOLOGISCHER KREISLAUF<\/strong><\/span><\/h5>\r\n&nbsp;\r\n\r\n<\/header>\r\n<div class=\"ce-textpic ce-center ce-below\">\r\n<div class=\"ce-bodytext\">\r\n\r\nHier werden die f\u00fcr Verbrauchsprodukte eingesetzten Rohstoffe nach Gebrauch zu biologischen N\u00e4hrstoffen zersetzt. Sie f\u00f6rdern zum Beispiel das Pflanzenwachstum nachwachsender Rohstoffe f\u00fcr neue Produkte.\r\n\r\n<\/div>\r\n<\/div>\r\n[\/vc_column_text]<div class=\"see_image \"><figure><img loading=\"lazy\" decoding=\"async\" width=\"1199\" height=\"1058\" src=\"https:\/\/gruppe.seeberger.de\/wp\/wp-content\/uploads\/2024\/03\/csm_Biologischer_Kreislauf_de39c5323f.webp\" class=\"attachment-see-lg size-see-lg\" alt=\"Grafik, die den biologischen Kreislauf von der Produktherstellung beschreibt.\" srcset=\"https:\/\/gruppe.seeberger.de\/wp\/wp-content\/uploads\/2024\/03\/csm_Biologischer_Kreislauf_de39c5323f.webp 1199w, https:\/\/gruppe.seeberger.de\/wp\/wp-content\/uploads\/2024\/03\/csm_Biologischer_Kreislauf_de39c5323f-300x265.webp 300w, https:\/\/gruppe.seeberger.de\/wp\/wp-content\/uploads\/2024\/03\/csm_Biologischer_Kreislauf_de39c5323f-1024x904.webp 1024w, https:\/\/gruppe.seeberger.de\/wp\/wp-content\/uploads\/2024\/03\/csm_Biologischer_Kreislauf_de39c5323f-768x678.webp 768w, https:\/\/gruppe.seeberger.de\/wp\/wp-content\/uploads\/2024\/03\/csm_Biologischer_Kreislauf_de39c5323f-992x875.webp 992w, https:\/\/gruppe.seeberger.de\/wp\/wp-content\/uploads\/2024\/03\/csm_Biologischer_Kreislauf_de39c5323f-480x424.webp 480w\" sizes=\"auto, (max-width: 1199px) 100vw, 1199px\" \/><\/figure><\/div>[vc_column_text]\r\n<div id=\"c17849\" class=\"frame frame-default frame-type-textpic frame-layout-0\">\r\n<div class=\"ce-textpic ce-center ce-below\">\r\n<div class=\"ce-gallery\" data-ce-columns=\"1\" data-ce-images=\"1\">\r\n<div class=\"ce-outer\">\r\n<div class=\"ce-inner\">\r\n<div class=\"ce-row\">\r\n<div class=\"ce-column\"><\/div>\r\n<\/div>\r\n<\/div>\r\n<\/div>\r\n<\/div>\r\n<\/div>\r\n<\/div>\r\n<div id=\"c17850\" class=\"frame frame-default frame-type-text frame-layout-0\">\r\n\r\nLebensmittel wie unsere Naturprodukte sind von ihrer Erzeugung, \u00fcber ihre Verwertung bis hin zu ihrem Zerfall schon Teil des biologischen Kreislaufs.\r\n\r\nWir freuen uns riesig \u00fcber diese Entwicklung und wissen: unser Weg ist noch lang! Denn die Technologien f\u00fcr die chemische Aufbereitung von Prim\u00e4rverpackungen sind noch sehr jung, die Aufbereitung ist sehr komplex und die Investitionen demnach hoch. Dennoch und gerade deshalb m\u00f6chten wir durch die Nachfrage und den Einsatz von Rezyklaten die Angebotssituation auf dem Markt verbessern.\r\n\r\n<\/div>\r\n<div id=\"c17857\" class=\"frame frame-default frame-type-text frame-layout-0\"><\/div>\r\n[\/vc_column_text][vc_tta_accordion active_section=&#8220;0&#8243; collapsible_all=&#8220;true&#8220;][vc_tta_section title=&#8220;Monoverbundfolie&#8220; tab_id=&#8220;1709808076923-790e82f2-974f&#8220;][vc_column_text]Verbundfolien bestehen aus mehreren Schichten. Bei Monoverbunden bestehen alle Schichten immer aus demselben Material. Dies erm\u00f6glicht ein effizienteres Recycling, weil es besser getrennt werden kann.\r\n<p style=\"text-align: center;\">In einer perfekt funktionierenden Kreislaufwirtschaft kann der so gewonnene Sekund\u00e4rrohstoff in Form von Rezyklaten wieder zu neuen Kunststoffprodukten weiterverarbeitet werden.<\/p>\r\n[\/vc_column_text][\/vc_tta_section][vc_tta_section title=&#8220;Kreislaufwirtschaft&#8220; tab_id=&#8220;1709808076928-7e0d6304-7df6&#8243;][vc_column_text]In der perfekten Kreislaufwirtschaft entstehen keine Abf\u00e4lle. Es ist ein Modell, bei dem bestehende Materialien und Produkte so lange wie m\u00f6glich und ohne Qualit\u00e4tsverlust wiederverwendet werden. Die Stoffkreisl\u00e4ufe sollen geschlossen werden, in dem Abf\u00e4lle (der Wirtschaft) wieder als\u00a0Sekund\u00e4rrohstoff\u00a0zur Verf\u00fcgung gestellt werden. Ziel dabei ist, weniger bzw. keine Abf\u00e4lle zu generieren, Ressourcen zu schonen und klimasch\u00e4dliche Treibhausgase zu reduzieren. Sie k\u00f6nnte das globale Abfallproblem l\u00f6sen.[\/vc_column_text]<div class=\"see_image \"><figure><img loading=\"lazy\" decoding=\"async\" width=\"1200\" height=\"1200\" src=\"https:\/\/gruppe.seeberger.de\/wp\/wp-content\/uploads\/2024\/03\/csm_cradle-to-cradle-prinzip-de_d4de709a91.webp\" class=\"attachment-see-lg size-see-lg\" alt=\"Grafik, die das &quot;Cradle to Cradle Prinzip&quot; visualisiert\" srcset=\"https:\/\/gruppe.seeberger.de\/wp\/wp-content\/uploads\/2024\/03\/csm_cradle-to-cradle-prinzip-de_d4de709a91.webp 1200w, https:\/\/gruppe.seeberger.de\/wp\/wp-content\/uploads\/2024\/03\/csm_cradle-to-cradle-prinzip-de_d4de709a91-300x300.webp 300w, https:\/\/gruppe.seeberger.de\/wp\/wp-content\/uploads\/2024\/03\/csm_cradle-to-cradle-prinzip-de_d4de709a91-1024x1024.webp 1024w, https:\/\/gruppe.seeberger.de\/wp\/wp-content\/uploads\/2024\/03\/csm_cradle-to-cradle-prinzip-de_d4de709a91-150x150.webp 150w, https:\/\/gruppe.seeberger.de\/wp\/wp-content\/uploads\/2024\/03\/csm_cradle-to-cradle-prinzip-de_d4de709a91-768x768.webp 768w, https:\/\/gruppe.seeberger.de\/wp\/wp-content\/uploads\/2024\/03\/csm_cradle-to-cradle-prinzip-de_d4de709a91-992x992.webp 992w, https:\/\/gruppe.seeberger.de\/wp\/wp-content\/uploads\/2024\/03\/csm_cradle-to-cradle-prinzip-de_d4de709a91-480x480.webp 480w\" sizes=\"auto, (max-width: 1200px) 100vw, 1200px\" \/><\/figure><\/div>[\/vc_tta_section][vc_tta_section title=&#8220;Cradle-to-cradle&#8220; tab_id=&#8220;1709808343463-44939b82-c437&#8243;][vc_column_text]\u201eCradle to Cradle\u201c (= \u201evon der Wiege zu Wiege\u201c) beschreibt ein Modell einer durchg\u00e4ngigen\u00a0Kreislaufwirtschaft.\u00a0Die Idee ist, von Anfang an in geschlossenen Produktkreisl\u00e4ufen zu denken. D. h. Produkte sind so konzipiert, dass sie in einem fortlaufenden Kreislauf in anderer Form weiterverwendet oder kompostiert werden k\u00f6nnen, um Ressourcen zu sparen.[\/vc_column_text][\/vc_tta_section][vc_tta_section title=&#8220;Rezyklat&#8220; tab_id=&#8220;1709808388846-f8a471b3-644e&#8220;][vc_column_text]Rezyklate sind recycelte Materialien. Im Falle von Kunststoffverpackungen sind Rezyklate recyceltes Plastik. D. h. Plastikabf\u00e4lle im Sinne von bereits verwendeten Kunststoffen werden aufbereitet und kommen als\u00a0Sekund\u00e4rrohstoffe\u00a0f\u00fcr neue Produkte wieder zum Einsatz. Dadurch wird der Recyclingkreislauf geschlossen.[\/vc_column_text][\/vc_tta_section][vc_tta_section title=&#8220;Massenbilanz&#8220; tab_id=&#8220;1709808414727-193dd499-c666&#8243;][vc_column_text]Bei der Massenbilanz handelt es sich um ein Verfahren, bei dem im Produktionsprozess sowohl recyceltes als auch frisches, fossiles Material gemischt zum Einsatz kommt.\r\n\r\nDas Verfahren funktioniert wie \u00d6ko-Strom: in das Stromnetzwerk flie\u00dfen sowohl konventioneller als auch \u00d6ko-Strom ein, sodass man letztendlich nicht wei\u00df, ob aus der Steckdose konventioneller oder \u00d6ko-Strom flie\u00dft. Personen und \/ oder Unternehmen, die gezielt \u00d6ko-Strom einkaufen, erzeugen dadurch aber eine Nachfrage am Markt. Mit dem Ziel, dass mehr und mehr bestehende, konventionelle Systeme durch Systeme f\u00fcr die Produktion von \u00d6ko-Strom abgel\u00f6st werden.\r\n\r\nNach diesem Prinzip funktioniert auch das Massenbilanz-Verfahren. Da das Endergebnis genau dieselben Eigenschaften wie rein-fossiles Kunststoff aufzeigt, kann man nicht erkennen, ob das Produkt, das man in den H\u00e4nden h\u00e4lt, aus fossilem oder recyceltem Material hergestellt wurde. Das Material mit Rezyklatanteil kommt also eventuell nicht genau bei der Seeberger Packung zum Einsatz, die entsprechende Menge wurde allerdings bei Folienproduzenten hergestellt und kommt zum Einsatz &#8211; vielleicht bei unseren Produkten.[\/vc_column_text][\/vc_tta_section][vc_tta_section title=&#8220;Sekund\u00e4rrohstoffe&#8220; tab_id=&#8220;1709808443178-6e29936e-314d&#8220;][vc_column_text]Sekund\u00e4rrohstoffe sind durch Recycling wiedergewonnene Rohstoffe, die zur Herstellung neuer Produkte eingesetzt werden k\u00f6nnen, siehe\u00a0Rezyklat. Aus Abf\u00e4llen werden durch Aufbereitung neue Rohstoffe im Sinne der Kreislaufwirtschaft gewonnen. Sekund\u00e4rrohstoffe sind z. B. Kunststoffe, Papier und Glas.[\/vc_column_text][\/vc_tta_section][\/vc_tta_accordion][\/vc_column][\/vc_row]<\/div>","protected":false},"excerpt":{"rendered":"Seit Mitte September 2022 sind Produktverpackungen mit 30 % Rezyklat-Anteil im Einsatz.","protected":false},"author":7,"featured_media":820,"comment_status":"closed","ping_status":"open","sticky":false,"template":"","format":"standard","meta":{"_acf_changed":false,"inline_featured_image":false,"footnotes":""},"categories":[41,17,19],"tags":[],"class_list":["post-807","post","type-post","status-publish","format-standard","has-post-thumbnail","hentry","category-kreislaufwirtschaft","category-nachhaltigkeit","category-presse"],"acf":[],"yoast_head":"<!-- This site is optimized with the Yoast SEO plugin v27.2 - https:\/\/yoast.com\/product\/yoast-seo-wordpress\/ -->\n<title>Produktverpackungen mit 30 % Rezyklat-Anteil - Seeberger Gruppe<\/title>\n<meta name=\"description\" content=\"%\" \/>\n<meta name=\"robots\" content=\"index, follow, max-snippet:-1, max-image-preview:large, max-video-preview:-1\" \/>\n<link rel=\"canonical\" href=\"https:\/\/gruppe.seeberger.de\/de\/blog\/produktverpackungen-mit-30-rezyklat-anteil\/\" \/>\n<meta property=\"og:locale\" content=\"de_DE\" \/>\n<meta property=\"og:type\" content=\"article\" \/>\n<meta property=\"og:title\" content=\"Produktverpackungen mit 30 % Rezyklat-Anteil - Seeberger Gruppe\" \/>\n<meta property=\"og:description\" content=\"%\" \/>\n<meta property=\"og:url\" content=\"https:\/\/gruppe.seeberger.de\/de\/blog\/produktverpackungen-mit-30-rezyklat-anteil\/\" \/>\n<meta property=\"og:site_name\" content=\"Seeberger Gruppe\" \/>\n<meta property=\"article:publisher\" content=\"https:\/\/www.facebook.com\/seeberger.de\" \/>\n<meta property=\"article:published_time\" content=\"2022-11-11T10:49:20+00:00\" \/>\n<meta property=\"article:modified_time\" content=\"2025-02-21T07:41:35+00:00\" \/>\n<meta property=\"og:image\" content=\"https:\/\/gruppe.seeberger.de\/wp\/wp-content\/uploads\/2024\/03\/Rezyklat_Teaser.webp\" \/>\n\t<meta property=\"og:image:width\" content=\"938\" \/>\n\t<meta property=\"og:image:height\" content=\"592\" \/>\n\t<meta property=\"og:image:type\" content=\"image\/webp\" \/>\n<meta name=\"author\" content=\"Pluspol Redakteur\" \/>\n<meta name=\"twitter:card\" content=\"summary_large_image\" \/>\n<meta name=\"twitter:label1\" content=\"Verfasst von\" \/>\n\t<meta name=\"twitter:data1\" content=\"Pluspol Redakteur\" \/>\n\t<meta name=\"twitter:label2\" content=\"Gesch\u00e4tzte Lesezeit\" \/>\n\t<meta name=\"twitter:data2\" content=\"5\u00a0Minuten\" \/>\n<script type=\"application\/ld+json\" class=\"yoast-schema-graph\">{\"@context\":\"https:\/\/schema.org\",\"@graph\":[{\"@type\":\"Article\",\"@id\":\"https:\/\/gruppe.seeberger.de\/de\/blog\/produktverpackungen-mit-30-rezyklat-anteil\/#article\",\"isPartOf\":{\"@id\":\"https:\/\/gruppe.seeberger.de\/de\/blog\/produktverpackungen-mit-30-rezyklat-anteil\/\"},\"author\":{\"name\":\"Pluspol Redakteur\",\"@id\":\"https:\/\/gruppe.seeberger.de\/de\/#\/schema\/person\/5e0a65ec56c86b97c646138374eb38d1\"},\"headline\":\"Produktverpackungen mit 30 % Rezyklat-Anteil\",\"datePublished\":\"2022-11-11T10:49:20+00:00\",\"dateModified\":\"2025-02-21T07:41:35+00:00\",\"mainEntityOfPage\":{\"@id\":\"https:\/\/gruppe.seeberger.de\/de\/blog\/produktverpackungen-mit-30-rezyklat-anteil\/\"},\"wordCount\":954,\"publisher\":{\"@id\":\"https:\/\/gruppe.seeberger.de\/de\/#organization\"},\"image\":{\"@id\":\"https:\/\/gruppe.seeberger.de\/de\/blog\/produktverpackungen-mit-30-rezyklat-anteil\/#primaryimage\"},\"thumbnailUrl\":\"https:\/\/gruppe.seeberger.de\/wp\/wp-content\/uploads\/2024\/03\/Rezyklat_Teaser.webp\",\"articleSection\":[\"Kreislaufwirtschaft\",\"Nachhaltigkeit\",\"Presse\"],\"inLanguage\":\"de\"},{\"@type\":\"WebPage\",\"@id\":\"https:\/\/gruppe.seeberger.de\/de\/blog\/produktverpackungen-mit-30-rezyklat-anteil\/\",\"url\":\"https:\/\/gruppe.seeberger.de\/de\/blog\/produktverpackungen-mit-30-rezyklat-anteil\/\",\"name\":\"Produktverpackungen mit 30 % Rezyklat-Anteil - Seeberger Gruppe\",\"isPartOf\":{\"@id\":\"https:\/\/gruppe.seeberger.de\/de\/#website\"},\"primaryImageOfPage\":{\"@id\":\"https:\/\/gruppe.seeberger.de\/de\/blog\/produktverpackungen-mit-30-rezyklat-anteil\/#primaryimage\"},\"image\":{\"@id\":\"https:\/\/gruppe.seeberger.de\/de\/blog\/produktverpackungen-mit-30-rezyklat-anteil\/#primaryimage\"},\"thumbnailUrl\":\"https:\/\/gruppe.seeberger.de\/wp\/wp-content\/uploads\/2024\/03\/Rezyklat_Teaser.webp\",\"datePublished\":\"2022-11-11T10:49:20+00:00\",\"dateModified\":\"2025-02-21T07:41:35+00:00\",\"description\":\"%\",\"breadcrumb\":{\"@id\":\"https:\/\/gruppe.seeberger.de\/de\/blog\/produktverpackungen-mit-30-rezyklat-anteil\/#breadcrumb\"},\"inLanguage\":\"de\",\"potentialAction\":[{\"@type\":\"ReadAction\",\"target\":[\"https:\/\/gruppe.seeberger.de\/de\/blog\/produktverpackungen-mit-30-rezyklat-anteil\/\"]}]},{\"@type\":\"ImageObject\",\"inLanguage\":\"de\",\"@id\":\"https:\/\/gruppe.seeberger.de\/de\/blog\/produktverpackungen-mit-30-rezyklat-anteil\/#primaryimage\",\"url\":\"https:\/\/gruppe.seeberger.de\/wp\/wp-content\/uploads\/2024\/03\/Rezyklat_Teaser.webp\",\"contentUrl\":\"https:\/\/gruppe.seeberger.de\/wp\/wp-content\/uploads\/2024\/03\/Rezyklat_Teaser.webp\",\"width\":938,\"height\":592,\"caption\":\"Icon, das die Wiederverwertung von Verpackungen darstellt\"},{\"@type\":\"BreadcrumbList\",\"@id\":\"https:\/\/gruppe.seeberger.de\/de\/blog\/produktverpackungen-mit-30-rezyklat-anteil\/#breadcrumb\",\"itemListElement\":[{\"@type\":\"ListItem\",\"position\":1,\"name\":\"Home\",\"item\":\"https:\/\/gruppe.seeberger.de\/de\/\"},{\"@type\":\"ListItem\",\"position\":2,\"name\":\"Produktverpackungen mit 30 % Rezyklat-Anteil\"}]},{\"@type\":\"WebSite\",\"@id\":\"https:\/\/gruppe.seeberger.de\/de\/#website\",\"url\":\"https:\/\/gruppe.seeberger.de\/de\/\",\"name\":\"Seeberger Gruppe Website\",\"description\":\"Ein Familienunternehmen mit Tradition\",\"publisher\":{\"@id\":\"https:\/\/gruppe.seeberger.de\/de\/#organization\"},\"alternateName\":\"Seeberger Gruppe\",\"potentialAction\":[{\"@type\":\"SearchAction\",\"target\":{\"@type\":\"EntryPoint\",\"urlTemplate\":\"https:\/\/gruppe.seeberger.de\/de\/?s={search_term_string}\"},\"query-input\":{\"@type\":\"PropertyValueSpecification\",\"valueRequired\":true,\"valueName\":\"search_term_string\"}}],\"inLanguage\":\"de\"},{\"@type\":\"Organization\",\"@id\":\"https:\/\/gruppe.seeberger.de\/de\/#organization\",\"name\":\"Seeberger Gruppe\",\"url\":\"https:\/\/gruppe.seeberger.de\/de\/\",\"logo\":{\"@type\":\"ImageObject\",\"inLanguage\":\"de\",\"@id\":\"https:\/\/gruppe.seeberger.de\/de\/#\/schema\/logo\/image\/\",\"url\":\"https:\/\/gruppe.seeberger.de\/wp-content\/uploads\/2024\/03\/seeberger-gruppe-logo.svg\",\"contentUrl\":\"https:\/\/gruppe.seeberger.de\/wp-content\/uploads\/2024\/03\/seeberger-gruppe-logo.svg\",\"width\":224,\"height\":64,\"caption\":\"Seeberger Gruppe\"},\"image\":{\"@id\":\"https:\/\/gruppe.seeberger.de\/de\/#\/schema\/logo\/image\/\"},\"sameAs\":[\"https:\/\/www.facebook.com\/seeberger.de\",\"https:\/\/www.youtube.com\/channel\/UC1ZsMjWjwtYtlymi5VKdRqA\",\"https:\/\/www.instagram.com\/seeberger_1844\/\",\"https:\/\/www.xing.com\/pages\/seebergergmbh\",\"http:\/\/www.linkedin.com\/company\/seeberger\"]},{\"@type\":\"Person\",\"@id\":\"https:\/\/gruppe.seeberger.de\/de\/#\/schema\/person\/5e0a65ec56c86b97c646138374eb38d1\",\"name\":\"Pluspol Redakteur\"}]}<\/script>\n<!-- \/ Yoast SEO plugin. -->","yoast_head_json":{"title":"Produktverpackungen mit 30 % Rezyklat-Anteil - Seeberger Gruppe","description":"%","robots":{"index":"index","follow":"follow","max-snippet":"max-snippet:-1","max-image-preview":"max-image-preview:large","max-video-preview":"max-video-preview:-1"},"canonical":"https:\/\/gruppe.seeberger.de\/de\/blog\/produktverpackungen-mit-30-rezyklat-anteil\/","og_locale":"de_DE","og_type":"article","og_title":"Produktverpackungen mit 30 % Rezyklat-Anteil - Seeberger Gruppe","og_description":"%","og_url":"https:\/\/gruppe.seeberger.de\/de\/blog\/produktverpackungen-mit-30-rezyklat-anteil\/","og_site_name":"Seeberger Gruppe","article_publisher":"https:\/\/www.facebook.com\/seeberger.de","article_published_time":"2022-11-11T10:49:20+00:00","article_modified_time":"2025-02-21T07:41:35+00:00","og_image":[{"width":938,"height":592,"url":"https:\/\/gruppe.seeberger.de\/wp\/wp-content\/uploads\/2024\/03\/Rezyklat_Teaser.webp","type":"image\/webp"}],"author":"Pluspol Redakteur","twitter_card":"summary_large_image","twitter_misc":{"Verfasst von":"Pluspol Redakteur","Gesch\u00e4tzte Lesezeit":"5\u00a0Minuten"},"schema":{"@context":"https:\/\/schema.org","@graph":[{"@type":"Article","@id":"https:\/\/gruppe.seeberger.de\/de\/blog\/produktverpackungen-mit-30-rezyklat-anteil\/#article","isPartOf":{"@id":"https:\/\/gruppe.seeberger.de\/de\/blog\/produktverpackungen-mit-30-rezyklat-anteil\/"},"author":{"name":"Pluspol Redakteur","@id":"https:\/\/gruppe.seeberger.de\/de\/#\/schema\/person\/5e0a65ec56c86b97c646138374eb38d1"},"headline":"Produktverpackungen mit 30 % Rezyklat-Anteil","datePublished":"2022-11-11T10:49:20+00:00","dateModified":"2025-02-21T07:41:35+00:00","mainEntityOfPage":{"@id":"https:\/\/gruppe.seeberger.de\/de\/blog\/produktverpackungen-mit-30-rezyklat-anteil\/"},"wordCount":954,"publisher":{"@id":"https:\/\/gruppe.seeberger.de\/de\/#organization"},"image":{"@id":"https:\/\/gruppe.seeberger.de\/de\/blog\/produktverpackungen-mit-30-rezyklat-anteil\/#primaryimage"},"thumbnailUrl":"https:\/\/gruppe.seeberger.de\/wp\/wp-content\/uploads\/2024\/03\/Rezyklat_Teaser.webp","articleSection":["Kreislaufwirtschaft","Nachhaltigkeit","Presse"],"inLanguage":"de"},{"@type":"WebPage","@id":"https:\/\/gruppe.seeberger.de\/de\/blog\/produktverpackungen-mit-30-rezyklat-anteil\/","url":"https:\/\/gruppe.seeberger.de\/de\/blog\/produktverpackungen-mit-30-rezyklat-anteil\/","name":"Produktverpackungen mit 30 % Rezyklat-Anteil - Seeberger Gruppe","isPartOf":{"@id":"https:\/\/gruppe.seeberger.de\/de\/#website"},"primaryImageOfPage":{"@id":"https:\/\/gruppe.seeberger.de\/de\/blog\/produktverpackungen-mit-30-rezyklat-anteil\/#primaryimage"},"image":{"@id":"https:\/\/gruppe.seeberger.de\/de\/blog\/produktverpackungen-mit-30-rezyklat-anteil\/#primaryimage"},"thumbnailUrl":"https:\/\/gruppe.seeberger.de\/wp\/wp-content\/uploads\/2024\/03\/Rezyklat_Teaser.webp","datePublished":"2022-11-11T10:49:20+00:00","dateModified":"2025-02-21T07:41:35+00:00","description":"%","breadcrumb":{"@id":"https:\/\/gruppe.seeberger.de\/de\/blog\/produktverpackungen-mit-30-rezyklat-anteil\/#breadcrumb"},"inLanguage":"de","potentialAction":[{"@type":"ReadAction","target":["https:\/\/gruppe.seeberger.de\/de\/blog\/produktverpackungen-mit-30-rezyklat-anteil\/"]}]},{"@type":"ImageObject","inLanguage":"de","@id":"https:\/\/gruppe.seeberger.de\/de\/blog\/produktverpackungen-mit-30-rezyklat-anteil\/#primaryimage","url":"https:\/\/gruppe.seeberger.de\/wp\/wp-content\/uploads\/2024\/03\/Rezyklat_Teaser.webp","contentUrl":"https:\/\/gruppe.seeberger.de\/wp\/wp-content\/uploads\/2024\/03\/Rezyklat_Teaser.webp","width":938,"height":592,"caption":"Icon, das die Wiederverwertung von Verpackungen darstellt"},{"@type":"BreadcrumbList","@id":"https:\/\/gruppe.seeberger.de\/de\/blog\/produktverpackungen-mit-30-rezyklat-anteil\/#breadcrumb","itemListElement":[{"@type":"ListItem","position":1,"name":"Home","item":"https:\/\/gruppe.seeberger.de\/de\/"},{"@type":"ListItem","position":2,"name":"Produktverpackungen mit 30 % Rezyklat-Anteil"}]},{"@type":"WebSite","@id":"https:\/\/gruppe.seeberger.de\/de\/#website","url":"https:\/\/gruppe.seeberger.de\/de\/","name":"Seeberger Gruppe Website","description":"Ein Familienunternehmen mit Tradition","publisher":{"@id":"https:\/\/gruppe.seeberger.de\/de\/#organization"},"alternateName":"Seeberger Gruppe","potentialAction":[{"@type":"SearchAction","target":{"@type":"EntryPoint","urlTemplate":"https:\/\/gruppe.seeberger.de\/de\/?s={search_term_string}"},"query-input":{"@type":"PropertyValueSpecification","valueRequired":true,"valueName":"search_term_string"}}],"inLanguage":"de"},{"@type":"Organization","@id":"https:\/\/gruppe.seeberger.de\/de\/#organization","name":"Seeberger Gruppe","url":"https:\/\/gruppe.seeberger.de\/de\/","logo":{"@type":"ImageObject","inLanguage":"de","@id":"https:\/\/gruppe.seeberger.de\/de\/#\/schema\/logo\/image\/","url":"https:\/\/gruppe.seeberger.de\/wp-content\/uploads\/2024\/03\/seeberger-gruppe-logo.svg","contentUrl":"https:\/\/gruppe.seeberger.de\/wp-content\/uploads\/2024\/03\/seeberger-gruppe-logo.svg","width":224,"height":64,"caption":"Seeberger Gruppe"},"image":{"@id":"https:\/\/gruppe.seeberger.de\/de\/#\/schema\/logo\/image\/"},"sameAs":["https:\/\/www.facebook.com\/seeberger.de","https:\/\/www.youtube.com\/channel\/UC1ZsMjWjwtYtlymi5VKdRqA","https:\/\/www.instagram.com\/seeberger_1844\/","https:\/\/www.xing.com\/pages\/seebergergmbh","http:\/\/www.linkedin.com\/company\/seeberger"]},{"@type":"Person","@id":"https:\/\/gruppe.seeberger.de\/de\/#\/schema\/person\/5e0a65ec56c86b97c646138374eb38d1","name":"Pluspol Redakteur"}]}},"_links":{"self":[{"href":"https:\/\/gruppe.seeberger.de\/de\/wp-json\/wp\/v2\/posts\/807","targetHints":{"allow":["GET"]}}],"collection":[{"href":"https:\/\/gruppe.seeberger.de\/de\/wp-json\/wp\/v2\/posts"}],"about":[{"href":"https:\/\/gruppe.seeberger.de\/de\/wp-json\/wp\/v2\/types\/post"}],"author":[{"embeddable":true,"href":"https:\/\/gruppe.seeberger.de\/de\/wp-json\/wp\/v2\/users\/7"}],"replies":[{"embeddable":true,"href":"https:\/\/gruppe.seeberger.de\/de\/wp-json\/wp\/v2\/comments?post=807"}],"version-history":[{"count":8,"href":"https:\/\/gruppe.seeberger.de\/de\/wp-json\/wp\/v2\/posts\/807\/revisions"}],"predecessor-version":[{"id":1169,"href":"https:\/\/gruppe.seeberger.de\/de\/wp-json\/wp\/v2\/posts\/807\/revisions\/1169"}],"wp:featuredmedia":[{"embeddable":true,"href":"https:\/\/gruppe.seeberger.de\/de\/wp-json\/wp\/v2\/media\/820"}],"wp:attachment":[{"href":"https:\/\/gruppe.seeberger.de\/de\/wp-json\/wp\/v2\/media?parent=807"}],"wp:term":[{"taxonomy":"category","embeddable":true,"href":"https:\/\/gruppe.seeberger.de\/de\/wp-json\/wp\/v2\/categories?post=807"},{"taxonomy":"post_tag","embeddable":true,"href":"https:\/\/gruppe.seeberger.de\/de\/wp-json\/wp\/v2\/tags?post=807"}],"curies":[{"name":"wp","href":"https:\/\/api.w.org\/{rel}","templated":true}]}}