{"id":3936,"date":"2024-10-09T09:06:42","date_gmt":"2024-10-09T07:06:42","guid":{"rendered":"https:\/\/gruppe.seeberger.de\/blog\/expansion-of-logistics-through-the-construction-of-a-new-high-bay-warehouse\/"},"modified":"2024-10-10T08:35:34","modified_gmt":"2024-10-10T06:35:34","slug":"expansion-of-logistics-through-the-construction-of-a-new-high-bay-warehouse","status":"publish","type":"post","link":"https:\/\/gruppe.seeberger.de\/en\/blog\/expansion-of-logistics-through-the-construction-of-a-new-high-bay-warehouse\/","title":{"rendered":"Expansion of logistics through the construction of a new high-bay warehouse"},"content":{"rendered":"<div class=\"wpb-content-wrapper\">[vc_row ppi_content_type=&#8221;ppi_content_width_medium&#8221;][vc_column][vc_column_text]\r\n<h1 class=\"h1 magazine-detailHeadline\" style=\"text-align: center;\">Expansion of logistics through the construction of a new high-bay warehouse<\/h1>\r\n[\/vc_column_text][vc_column_text]Seeberger is increasing its capacities with an additional high-bay warehouse and an expansion of the existing internal logistics system in order to be able to efficiently meet the increased demand in the future. The ground-breaking ceremony took place on October 8, 2024 in the presence of Ulm&#8217;s Lord Mayor Martin Ansbacher and representatives of the main partners Schmid and Swisslog. Completion is scheduled for spring 2026.[\/vc_column_text]<div class=\"see_image \"><figure><img loading=\"lazy\" decoding=\"async\" width=\"1200\" height=\"771\" src=\"https:\/\/gruppe.seeberger.de\/wp\/wp-content\/uploads\/2024\/10\/Spatenstich-Seeberger-1200x771.jpg\" class=\"attachment-see-lg size-see-lg\" alt=\"Sechs Personen mit Helmen heben Sand mit Schaufeln auf einer Baustelle vor einem gr\u00fcnem Zaun.\" srcset=\"https:\/\/gruppe.seeberger.de\/wp\/wp-content\/uploads\/2024\/10\/Spatenstich-Seeberger-1200x771.jpg 1200w, https:\/\/gruppe.seeberger.de\/wp\/wp-content\/uploads\/2024\/10\/Spatenstich-Seeberger-300x193.jpg 300w, https:\/\/gruppe.seeberger.de\/wp\/wp-content\/uploads\/2024\/10\/Spatenstich-Seeberger-1024x658.jpg 1024w, https:\/\/gruppe.seeberger.de\/wp\/wp-content\/uploads\/2024\/10\/Spatenstich-Seeberger-768x493.jpg 768w, https:\/\/gruppe.seeberger.de\/wp\/wp-content\/uploads\/2024\/10\/Spatenstich-Seeberger-1920x1233.jpg 1920w, https:\/\/gruppe.seeberger.de\/wp\/wp-content\/uploads\/2024\/10\/Spatenstich-Seeberger-992x637.jpg 992w, https:\/\/gruppe.seeberger.de\/wp\/wp-content\/uploads\/2024\/10\/Spatenstich-Seeberger-480x308.jpg 480w\" sizes=\"auto, (max-width: 1200px) 100vw, 1200px\" \/><\/figure><small class=\"see_image__description\">von links: Fridolin Schmid (Fa. Schmid), Oberb\u00fcrgermeister Martin Ansbacher, Alexandra Keller, Clemens Keller und Dr. Julius Rohm (Seeberger) sowie J\u00fcrgen B\u00e4umle (Fa. Swisslog)<\/small><\/div>[vc_column_text]In the extremely challenging year 2023, Seeberger was able to increase sales of its natural snacks such as nuts and dried fruit as well as coffee by around 7% and is planning similar growth to around EUR 335 million in 2024. &#8220;To ensure that we can continue to realize our long-term growth strategy on both the German and international markets, we are continuing to invest in high-performance and efficient processes for our customers,&#8221; says Clemens Keller, Managing Partner of Seeberger. &#8220;We have the confidence to make this investment despite the current major challenges. Cost inflation and rising raw material prices are causing us problems and putting a huge strain on our earnings.&#8221; With a length of 90m, a width of 21m and a height of 45m, the new high-bay warehouse will offer space for around 20,000 pallet spaces and is scheduled to go into operation in spring 2026. The warehouse will be attached to the existing logistics area in the north-east of the company premises to ensure an optimal flow of goods, even if the planned growth leads to a further increase in goods movements. The new type of fa\u00e7ade cladding ensures a stable temperature spectrum inside the warehouse in both summer and winter. This means that the warehouse for the high-quality, packaged natural products does not need to be actively cooled. As part of the ambitious sustainability strategy, the use of photovoltaic modules on the new building will add around 1 megawatt (peak) of power to the photovoltaic areas already installed on the existing buildings. This will enable Seeberger to cover around 40% of its electricity requirements from its own generation from 2026. The investment volume for the entire project amounts to around 20 million euros with a construction period of one and a half years.[\/vc_column_text]<div class=\"see_image \"><figure><img loading=\"lazy\" decoding=\"async\" width=\"1200\" height=\"900\" src=\"https:\/\/gruppe.seeberger.de\/wp\/wp-content\/uploads\/2024\/10\/HRL5-Seeberger_Baufeld-1200x900.jpg\" class=\"attachment-see-lg size-see-lg\" alt=\"Seeberger Geb\u00e4ude in einem Industriegebiet neben einer Baustelle mit Kr\u00e4nen.\" srcset=\"https:\/\/gruppe.seeberger.de\/wp\/wp-content\/uploads\/2024\/10\/HRL5-Seeberger_Baufeld-1200x900.jpg 1200w, https:\/\/gruppe.seeberger.de\/wp\/wp-content\/uploads\/2024\/10\/HRL5-Seeberger_Baufeld-300x225.jpg 300w, https:\/\/gruppe.seeberger.de\/wp\/wp-content\/uploads\/2024\/10\/HRL5-Seeberger_Baufeld-1024x768.jpg 1024w, https:\/\/gruppe.seeberger.de\/wp\/wp-content\/uploads\/2024\/10\/HRL5-Seeberger_Baufeld-768x576.jpg 768w, https:\/\/gruppe.seeberger.de\/wp\/wp-content\/uploads\/2024\/10\/HRL5-Seeberger_Baufeld-1920x1440.jpg 1920w, https:\/\/gruppe.seeberger.de\/wp\/wp-content\/uploads\/2024\/10\/HRL5-Seeberger_Baufeld-992x744.jpg 992w, https:\/\/gruppe.seeberger.de\/wp\/wp-content\/uploads\/2024\/10\/HRL5-Seeberger_Baufeld-480x360.jpg 480w\" sizes=\"auto, (max-width: 1200px) 100vw, 1200px\" \/><\/figure><small class=\"see_image__description\">Baufeld f\u00fcr das neue Hochregallager im Anschluss an die bestehenden Geb\u00e4ude<\/small><\/div>[\/vc_column][\/vc_row]<\/div>","protected":false},"excerpt":{"rendered":"Seeberger is increasing its capacity with an additional high-bay warehouse and an expansion of its existing internal logistics.","protected":false},"author":10,"featured_media":3916,"comment_status":"closed","ping_status":"open","sticky":false,"template":"","format":"standard","meta":{"_acf_changed":false,"inline_featured_image":false,"footnotes":""},"categories":[31,28],"tags":[],"class_list":["post-3936","post","type-post","status-publish","format-standard","has-post-thumbnail","hentry","category-press","category-seeberger-group"],"acf":[],"yoast_head":"<!-- This site is optimized with the Yoast SEO plugin v27.2 - https:\/\/yoast.com\/product\/yoast-seo-wordpress\/ -->\n<title>Expansion of logistics through the construction of a new high-bay warehouse - Seeberger Group<\/title>\n<meta name=\"description\" content=\"Expansion of logistics through the construction of a new high-bay warehouse\" \/>\n<meta name=\"robots\" content=\"index, follow, max-snippet:-1, max-image-preview:large, max-video-preview:-1\" \/>\n<link rel=\"canonical\" href=\"https:\/\/gruppe.seeberger.de\/en\/blog\/expansion-of-logistics-through-the-construction-of-a-new-high-bay-warehouse\/\" \/>\n<meta property=\"og:locale\" content=\"en_US\" \/>\n<meta property=\"og:type\" content=\"article\" \/>\n<meta property=\"og:title\" content=\"Expansion of logistics through the construction of a new high-bay warehouse - Seeberger Group\" \/>\n<meta property=\"og:description\" content=\"Expansion of logistics through the construction of a new high-bay warehouse\" \/>\n<meta property=\"og:url\" content=\"https:\/\/gruppe.seeberger.de\/en\/blog\/expansion-of-logistics-through-the-construction-of-a-new-high-bay-warehouse\/\" \/>\n<meta property=\"og:site_name\" content=\"Seeberger Group\" \/>\n<meta property=\"article:publisher\" content=\"https:\/\/www.facebook.com\/seeberger.de\" \/>\n<meta property=\"article:published_time\" content=\"2024-10-09T07:06:42+00:00\" \/>\n<meta property=\"article:modified_time\" content=\"2024-10-10T06:35:34+00:00\" \/>\n<meta property=\"og:image\" content=\"https:\/\/gruppe.seeberger.de\/wp\/wp-content\/uploads\/2024\/10\/Spatenstich-Seeberger-scaled.jpg\" \/>\n\t<meta property=\"og:image:width\" content=\"2560\" \/>\n\t<meta property=\"og:image:height\" content=\"1644\" \/>\n\t<meta property=\"og:image:type\" content=\"image\/jpeg\" \/>\n<meta name=\"twitter:card\" content=\"summary_large_image\" \/>\n<meta name=\"twitter:label1\" content=\"Written by\" \/>\n\t<meta name=\"twitter:data1\" content=\"\" \/>\n\t<meta name=\"twitter:label2\" content=\"Est. reading time\" \/>\n\t<meta name=\"twitter:data2\" content=\"2 minutes\" \/>\n<script type=\"application\/ld+json\" class=\"yoast-schema-graph\">{\"@context\":\"https:\/\/schema.org\",\"@graph\":[{\"@type\":\"Article\",\"@id\":\"https:\/\/gruppe.seeberger.de\/en\/blog\/expansion-of-logistics-through-the-construction-of-a-new-high-bay-warehouse\/#article\",\"isPartOf\":{\"@id\":\"https:\/\/gruppe.seeberger.de\/en\/blog\/expansion-of-logistics-through-the-construction-of-a-new-high-bay-warehouse\/\"},\"author\":{\"name\":\"\",\"@id\":\"\"},\"headline\":\"Expansion of logistics through the construction of a new high-bay warehouse\",\"datePublished\":\"2024-10-09T07:06:42+00:00\",\"dateModified\":\"2024-10-10T06:35:34+00:00\",\"mainEntityOfPage\":{\"@id\":\"https:\/\/gruppe.seeberger.de\/en\/blog\/expansion-of-logistics-through-the-construction-of-a-new-high-bay-warehouse\/\"},\"wordCount\":415,\"publisher\":{\"@id\":\"https:\/\/gruppe.seeberger.de\/en\/#organization\"},\"image\":{\"@id\":\"https:\/\/gruppe.seeberger.de\/en\/blog\/expansion-of-logistics-through-the-construction-of-a-new-high-bay-warehouse\/#primaryimage\"},\"thumbnailUrl\":\"https:\/\/gruppe.seeberger.de\/wp\/wp-content\/uploads\/2024\/10\/Spatenstich-Seeberger-scaled.jpg\",\"articleSection\":[\"Press\",\"Seeberger Group\"],\"inLanguage\":\"en-US\"},{\"@type\":\"WebPage\",\"@id\":\"https:\/\/gruppe.seeberger.de\/en\/blog\/expansion-of-logistics-through-the-construction-of-a-new-high-bay-warehouse\/\",\"url\":\"https:\/\/gruppe.seeberger.de\/en\/blog\/expansion-of-logistics-through-the-construction-of-a-new-high-bay-warehouse\/\",\"name\":\"Expansion of logistics through the construction of a new high-bay warehouse - Seeberger Group\",\"isPartOf\":{\"@id\":\"https:\/\/gruppe.seeberger.de\/en\/#website\"},\"primaryImageOfPage\":{\"@id\":\"https:\/\/gruppe.seeberger.de\/en\/blog\/expansion-of-logistics-through-the-construction-of-a-new-high-bay-warehouse\/#primaryimage\"},\"image\":{\"@id\":\"https:\/\/gruppe.seeberger.de\/en\/blog\/expansion-of-logistics-through-the-construction-of-a-new-high-bay-warehouse\/#primaryimage\"},\"thumbnailUrl\":\"https:\/\/gruppe.seeberger.de\/wp\/wp-content\/uploads\/2024\/10\/Spatenstich-Seeberger-scaled.jpg\",\"datePublished\":\"2024-10-09T07:06:42+00:00\",\"dateModified\":\"2024-10-10T06:35:34+00:00\",\"description\":\"Expansion of logistics through the construction of a new high-bay warehouse\",\"breadcrumb\":{\"@id\":\"https:\/\/gruppe.seeberger.de\/en\/blog\/expansion-of-logistics-through-the-construction-of-a-new-high-bay-warehouse\/#breadcrumb\"},\"inLanguage\":\"en-US\",\"potentialAction\":[{\"@type\":\"ReadAction\",\"target\":[\"https:\/\/gruppe.seeberger.de\/en\/blog\/expansion-of-logistics-through-the-construction-of-a-new-high-bay-warehouse\/\"]}]},{\"@type\":\"ImageObject\",\"inLanguage\":\"en-US\",\"@id\":\"https:\/\/gruppe.seeberger.de\/en\/blog\/expansion-of-logistics-through-the-construction-of-a-new-high-bay-warehouse\/#primaryimage\",\"url\":\"https:\/\/gruppe.seeberger.de\/wp\/wp-content\/uploads\/2024\/10\/Spatenstich-Seeberger-scaled.jpg\",\"contentUrl\":\"https:\/\/gruppe.seeberger.de\/wp\/wp-content\/uploads\/2024\/10\/Spatenstich-Seeberger-scaled.jpg\",\"width\":2560,\"height\":1644,\"caption\":\"Spatenstich Hochregallager mit OB Ansbacher, Clemens Keller und weiteren Personen\"},{\"@type\":\"BreadcrumbList\",\"@id\":\"https:\/\/gruppe.seeberger.de\/en\/blog\/expansion-of-logistics-through-the-construction-of-a-new-high-bay-warehouse\/#breadcrumb\",\"itemListElement\":[{\"@type\":\"ListItem\",\"position\":1,\"name\":\"Home\",\"item\":\"https:\/\/gruppe.seeberger.de\/en\/\"},{\"@type\":\"ListItem\",\"position\":2,\"name\":\"Expansion of logistics through the construction of a new high-bay warehouse\"}]},{\"@type\":\"WebSite\",\"@id\":\"https:\/\/gruppe.seeberger.de\/en\/#website\",\"url\":\"https:\/\/gruppe.seeberger.de\/en\/\",\"name\":\"Seeberger Gruppe Website\",\"description\":\"Ein Familienunternehmen mit Tradition\",\"publisher\":{\"@id\":\"https:\/\/gruppe.seeberger.de\/en\/#organization\"},\"alternateName\":\"Seeberger Gruppe\",\"potentialAction\":[{\"@type\":\"SearchAction\",\"target\":{\"@type\":\"EntryPoint\",\"urlTemplate\":\"https:\/\/gruppe.seeberger.de\/en\/?s={search_term_string}\"},\"query-input\":{\"@type\":\"PropertyValueSpecification\",\"valueRequired\":true,\"valueName\":\"search_term_string\"}}],\"inLanguage\":\"en-US\"},{\"@type\":\"Organization\",\"@id\":\"https:\/\/gruppe.seeberger.de\/en\/#organization\",\"name\":\"Seeberger Group\",\"url\":\"https:\/\/gruppe.seeberger.de\/en\/\",\"logo\":{\"@type\":\"ImageObject\",\"inLanguage\":\"en-US\",\"@id\":\"https:\/\/gruppe.seeberger.de\/en\/#\/schema\/logo\/image\/\",\"url\":\"https:\/\/gruppe.seeberger.de\/wp-content\/uploads\/2024\/03\/seeberger-gruppe-logo.svg\",\"contentUrl\":\"https:\/\/gruppe.seeberger.de\/wp-content\/uploads\/2024\/03\/seeberger-gruppe-logo.svg\",\"width\":224,\"height\":64,\"caption\":\"Seeberger Group\"},\"image\":{\"@id\":\"https:\/\/gruppe.seeberger.de\/en\/#\/schema\/logo\/image\/\"},\"sameAs\":[\"https:\/\/www.facebook.com\/seeberger.de\",\"https:\/\/www.youtube.com\/channel\/UC1ZsMjWjwtYtlymi5VKdRqA\",\"https:\/\/www.instagram.com\/seeberger_1844\/\",\"https:\/\/www.xing.com\/pages\/seebergergmbh\",\"http:\/\/www.linkedin.com\/company\/seeberger\"]},{\"@type\":\"Person\",\"@id\":\"\"}]}<\/script>\n<!-- \/ Yoast SEO plugin. -->","yoast_head_json":{"title":"Expansion of logistics through the construction of a new high-bay warehouse - Seeberger Group","description":"Expansion of logistics through the construction of a new high-bay warehouse","robots":{"index":"index","follow":"follow","max-snippet":"max-snippet:-1","max-image-preview":"max-image-preview:large","max-video-preview":"max-video-preview:-1"},"canonical":"https:\/\/gruppe.seeberger.de\/en\/blog\/expansion-of-logistics-through-the-construction-of-a-new-high-bay-warehouse\/","og_locale":"en_US","og_type":"article","og_title":"Expansion of logistics through the construction of a new high-bay warehouse - Seeberger Group","og_description":"Expansion of logistics through the construction of a new high-bay warehouse","og_url":"https:\/\/gruppe.seeberger.de\/en\/blog\/expansion-of-logistics-through-the-construction-of-a-new-high-bay-warehouse\/","og_site_name":"Seeberger Group","article_publisher":"https:\/\/www.facebook.com\/seeberger.de","article_published_time":"2024-10-09T07:06:42+00:00","article_modified_time":"2024-10-10T06:35:34+00:00","og_image":[{"width":2560,"height":1644,"url":"https:\/\/gruppe.seeberger.de\/wp\/wp-content\/uploads\/2024\/10\/Spatenstich-Seeberger-scaled.jpg","type":"image\/jpeg"}],"twitter_card":"summary_large_image","twitter_misc":{"Written by":"","Est. reading time":"2 minutes"},"schema":{"@context":"https:\/\/schema.org","@graph":[{"@type":"Article","@id":"https:\/\/gruppe.seeberger.de\/en\/blog\/expansion-of-logistics-through-the-construction-of-a-new-high-bay-warehouse\/#article","isPartOf":{"@id":"https:\/\/gruppe.seeberger.de\/en\/blog\/expansion-of-logistics-through-the-construction-of-a-new-high-bay-warehouse\/"},"author":{"name":"","@id":""},"headline":"Expansion of logistics through the construction of a new high-bay warehouse","datePublished":"2024-10-09T07:06:42+00:00","dateModified":"2024-10-10T06:35:34+00:00","mainEntityOfPage":{"@id":"https:\/\/gruppe.seeberger.de\/en\/blog\/expansion-of-logistics-through-the-construction-of-a-new-high-bay-warehouse\/"},"wordCount":415,"publisher":{"@id":"https:\/\/gruppe.seeberger.de\/en\/#organization"},"image":{"@id":"https:\/\/gruppe.seeberger.de\/en\/blog\/expansion-of-logistics-through-the-construction-of-a-new-high-bay-warehouse\/#primaryimage"},"thumbnailUrl":"https:\/\/gruppe.seeberger.de\/wp\/wp-content\/uploads\/2024\/10\/Spatenstich-Seeberger-scaled.jpg","articleSection":["Press","Seeberger Group"],"inLanguage":"en-US"},{"@type":"WebPage","@id":"https:\/\/gruppe.seeberger.de\/en\/blog\/expansion-of-logistics-through-the-construction-of-a-new-high-bay-warehouse\/","url":"https:\/\/gruppe.seeberger.de\/en\/blog\/expansion-of-logistics-through-the-construction-of-a-new-high-bay-warehouse\/","name":"Expansion of logistics through the construction of a new high-bay warehouse - Seeberger Group","isPartOf":{"@id":"https:\/\/gruppe.seeberger.de\/en\/#website"},"primaryImageOfPage":{"@id":"https:\/\/gruppe.seeberger.de\/en\/blog\/expansion-of-logistics-through-the-construction-of-a-new-high-bay-warehouse\/#primaryimage"},"image":{"@id":"https:\/\/gruppe.seeberger.de\/en\/blog\/expansion-of-logistics-through-the-construction-of-a-new-high-bay-warehouse\/#primaryimage"},"thumbnailUrl":"https:\/\/gruppe.seeberger.de\/wp\/wp-content\/uploads\/2024\/10\/Spatenstich-Seeberger-scaled.jpg","datePublished":"2024-10-09T07:06:42+00:00","dateModified":"2024-10-10T06:35:34+00:00","description":"Expansion of logistics through the construction of a new high-bay warehouse","breadcrumb":{"@id":"https:\/\/gruppe.seeberger.de\/en\/blog\/expansion-of-logistics-through-the-construction-of-a-new-high-bay-warehouse\/#breadcrumb"},"inLanguage":"en-US","potentialAction":[{"@type":"ReadAction","target":["https:\/\/gruppe.seeberger.de\/en\/blog\/expansion-of-logistics-through-the-construction-of-a-new-high-bay-warehouse\/"]}]},{"@type":"ImageObject","inLanguage":"en-US","@id":"https:\/\/gruppe.seeberger.de\/en\/blog\/expansion-of-logistics-through-the-construction-of-a-new-high-bay-warehouse\/#primaryimage","url":"https:\/\/gruppe.seeberger.de\/wp\/wp-content\/uploads\/2024\/10\/Spatenstich-Seeberger-scaled.jpg","contentUrl":"https:\/\/gruppe.seeberger.de\/wp\/wp-content\/uploads\/2024\/10\/Spatenstich-Seeberger-scaled.jpg","width":2560,"height":1644,"caption":"Spatenstich Hochregallager mit OB Ansbacher, Clemens Keller und weiteren Personen"},{"@type":"BreadcrumbList","@id":"https:\/\/gruppe.seeberger.de\/en\/blog\/expansion-of-logistics-through-the-construction-of-a-new-high-bay-warehouse\/#breadcrumb","itemListElement":[{"@type":"ListItem","position":1,"name":"Home","item":"https:\/\/gruppe.seeberger.de\/en\/"},{"@type":"ListItem","position":2,"name":"Expansion of logistics through the construction of a new high-bay warehouse"}]},{"@type":"WebSite","@id":"https:\/\/gruppe.seeberger.de\/en\/#website","url":"https:\/\/gruppe.seeberger.de\/en\/","name":"Seeberger Gruppe Website","description":"Ein Familienunternehmen mit Tradition","publisher":{"@id":"https:\/\/gruppe.seeberger.de\/en\/#organization"},"alternateName":"Seeberger Gruppe","potentialAction":[{"@type":"SearchAction","target":{"@type":"EntryPoint","urlTemplate":"https:\/\/gruppe.seeberger.de\/en\/?s={search_term_string}"},"query-input":{"@type":"PropertyValueSpecification","valueRequired":true,"valueName":"search_term_string"}}],"inLanguage":"en-US"},{"@type":"Organization","@id":"https:\/\/gruppe.seeberger.de\/en\/#organization","name":"Seeberger Group","url":"https:\/\/gruppe.seeberger.de\/en\/","logo":{"@type":"ImageObject","inLanguage":"en-US","@id":"https:\/\/gruppe.seeberger.de\/en\/#\/schema\/logo\/image\/","url":"https:\/\/gruppe.seeberger.de\/wp-content\/uploads\/2024\/03\/seeberger-gruppe-logo.svg","contentUrl":"https:\/\/gruppe.seeberger.de\/wp-content\/uploads\/2024\/03\/seeberger-gruppe-logo.svg","width":224,"height":64,"caption":"Seeberger Group"},"image":{"@id":"https:\/\/gruppe.seeberger.de\/en\/#\/schema\/logo\/image\/"},"sameAs":["https:\/\/www.facebook.com\/seeberger.de","https:\/\/www.youtube.com\/channel\/UC1ZsMjWjwtYtlymi5VKdRqA","https:\/\/www.instagram.com\/seeberger_1844\/","https:\/\/www.xing.com\/pages\/seebergergmbh","http:\/\/www.linkedin.com\/company\/seeberger"]},{"@type":"Person","@id":""}]}},"_links":{"self":[{"href":"https:\/\/gruppe.seeberger.de\/en\/wp-json\/wp\/v2\/posts\/3936","targetHints":{"allow":["GET"]}}],"collection":[{"href":"https:\/\/gruppe.seeberger.de\/en\/wp-json\/wp\/v2\/posts"}],"about":[{"href":"https:\/\/gruppe.seeberger.de\/en\/wp-json\/wp\/v2\/types\/post"}],"author":[{"embeddable":true,"href":"https:\/\/gruppe.seeberger.de\/en\/wp-json\/wp\/v2\/users\/10"}],"replies":[{"embeddable":true,"href":"https:\/\/gruppe.seeberger.de\/en\/wp-json\/wp\/v2\/comments?post=3936"}],"version-history":[{"count":2,"href":"https:\/\/gruppe.seeberger.de\/en\/wp-json\/wp\/v2\/posts\/3936\/revisions"}],"predecessor-version":[{"id":3938,"href":"https:\/\/gruppe.seeberger.de\/en\/wp-json\/wp\/v2\/posts\/3936\/revisions\/3938"}],"wp:featuredmedia":[{"embeddable":true,"href":"https:\/\/gruppe.seeberger.de\/en\/wp-json\/wp\/v2\/media\/3916"}],"wp:attachment":[{"href":"https:\/\/gruppe.seeberger.de\/en\/wp-json\/wp\/v2\/media?parent=3936"}],"wp:term":[{"taxonomy":"category","embeddable":true,"href":"https:\/\/gruppe.seeberger.de\/en\/wp-json\/wp\/v2\/categories?post=3936"},{"taxonomy":"post_tag","embeddable":true,"href":"https:\/\/gruppe.seeberger.de\/en\/wp-json\/wp\/v2\/tags?post=3936"}],"curies":[{"name":"wp","href":"https:\/\/api.w.org\/{rel}","templated":true}]}}