{"id":1247,"date":"2022-12-13T15:52:57","date_gmt":"2022-12-13T14:52:57","guid":{"rendered":"https:\/\/gruppe.seeberger.de\/blog\/exiger-et-promouvoir-la-biodiversite\/"},"modified":"2024-04-26T13:04:28","modified_gmt":"2024-04-26T11:04:28","slug":"exiger-et-promouvoir-la-biodiversite","status":"publish","type":"post","link":"https:\/\/gruppe.seeberger.de\/fr\/blog\/exiger-et-promouvoir-la-biodiversite\/","title":{"rendered":"Exiger et promouvoir la biodiversit\u00e9"},"content":{"rendered":"<div class=\"wpb-content-wrapper\">[vc_row ppi_content_type=&#8221;ppi_content_width_medium&#8221;][vc_column][vc_column_text]\r\n<h1 class=\"h1 magazine-detailHeadline\" style=\"text-align: center;\">Exiger et promouvoir la biodiversit\u00e9<\/h1>\r\n[\/vc_column_text]<div class=\"see_image \"><figure><img loading=\"lazy\" decoding=\"async\" width=\"1200\" height=\"674\" src=\"https:\/\/gruppe.seeberger.de\/wp\/wp-content\/uploads\/2024\/03\/Seeberger_Biodiversitaet_fordern_und_foerdern-1200x674.webp\" class=\"attachment-see-lg size-see-lg\" alt=\"Biene an Bl\u00fcte\" srcset=\"https:\/\/gruppe.seeberger.de\/wp\/wp-content\/uploads\/2024\/03\/Seeberger_Biodiversitaet_fordern_und_foerdern-1200x674.webp 1200w, https:\/\/gruppe.seeberger.de\/wp\/wp-content\/uploads\/2024\/03\/Seeberger_Biodiversitaet_fordern_und_foerdern-300x169.webp 300w, https:\/\/gruppe.seeberger.de\/wp\/wp-content\/uploads\/2024\/03\/Seeberger_Biodiversitaet_fordern_und_foerdern-1024x575.webp 1024w, https:\/\/gruppe.seeberger.de\/wp\/wp-content\/uploads\/2024\/03\/Seeberger_Biodiversitaet_fordern_und_foerdern-768x432.webp 768w, https:\/\/gruppe.seeberger.de\/wp\/wp-content\/uploads\/2024\/03\/Seeberger_Biodiversitaet_fordern_und_foerdern-1920x1079.webp 1920w, https:\/\/gruppe.seeberger.de\/wp\/wp-content\/uploads\/2024\/03\/Seeberger_Biodiversitaet_fordern_und_foerdern-992x558.webp 992w, https:\/\/gruppe.seeberger.de\/wp\/wp-content\/uploads\/2024\/03\/Seeberger_Biodiversitaet_fordern_und_foerdern-480x270.webp 480w\" sizes=\"auto, (max-width: 1200px) 100vw, 1200px\" \/><\/figure><\/div>[vc_column_text]Depuis un an, nous participons activement au projet de recherche <a href=\"https:\/\/gruppe.seeberger.de\/de\/ueber-uns\/artikeldetailseite\/teilnahme-am-forschungsvorhaben-bioval-1\" target=\"_blank\" rel=\"noopener\">&#8220;BioVal&#8221;<\/a> en tant que &#8220;laboratoire r\u00e9el&#8221;, en tant que partenaire pratique. Pour nous, il s&#8217;agit de la question centrale de savoir comment nous pouvons exiger et promouvoir la biodiversit\u00e9 dans les pays d&#8217;origine de nos produits naturels.\n\nLe suivi Seeberger Fournisseur:int\u00e9rieur comprend diff\u00e9rents modules :[\/vc_column_text]<div class=\"see_image \"><figure><img loading=\"lazy\" decoding=\"async\" width=\"1199\" height=\"1102\" src=\"https:\/\/gruppe.seeberger.de\/wp\/wp-content\/uploads\/2024\/03\/csm_Lieferant_innen_Monitoring_oHeadline_XL_df49228bf4.webp\" class=\"attachment-see-lg size-see-lg\" alt=\"Das Bild f\u00fchrt verschiedene Module des Seeberger Lieferanten-Monitorings an\" srcset=\"https:\/\/gruppe.seeberger.de\/wp\/wp-content\/uploads\/2024\/03\/csm_Lieferant_innen_Monitoring_oHeadline_XL_df49228bf4.webp 1199w, https:\/\/gruppe.seeberger.de\/wp\/wp-content\/uploads\/2024\/03\/csm_Lieferant_innen_Monitoring_oHeadline_XL_df49228bf4-300x276.webp 300w, https:\/\/gruppe.seeberger.de\/wp\/wp-content\/uploads\/2024\/03\/csm_Lieferant_innen_Monitoring_oHeadline_XL_df49228bf4-1024x941.webp 1024w, https:\/\/gruppe.seeberger.de\/wp\/wp-content\/uploads\/2024\/03\/csm_Lieferant_innen_Monitoring_oHeadline_XL_df49228bf4-768x706.webp 768w, https:\/\/gruppe.seeberger.de\/wp\/wp-content\/uploads\/2024\/03\/csm_Lieferant_innen_Monitoring_oHeadline_XL_df49228bf4-992x912.webp 992w, https:\/\/gruppe.seeberger.de\/wp\/wp-content\/uploads\/2024\/03\/csm_Lieferant_innen_Monitoring_oHeadline_XL_df49228bf4-480x441.webp 480w\" sizes=\"auto, (max-width: 1199px) 100vw, 1199px\" \/><\/figure><small class=\"see_image__description\">*Strukturelemente:\n\nStrukturelemente k\u00f6nnen B\u00e4ume, Hecken, Bl\u00fchstreifen o. \u00c4. sein. Sie werden eingesetzt, um die Vielfalt auf Agrarfl\u00e4chen zu erh\u00f6hen. Das dient zum einen dazu, Wasser zu speichern,\u00a0Bodenerosion zu verhindern\u00a0und einen ges\u00fcnderen, humosen Boden zu erhalten. Zum anderen haben so viele verschiedene Lebewesen (Insekten, S\u00e4ugetiere, V\u00f6gel\u2026) gen\u00fcgend Ern\u00e4hrung und k\u00f6nnen \u00fcberleben. Auch N\u00fctzlinge, die landwirtschaftliche Sch\u00e4dlinge verringern, werden gef\u00f6rdert.<\/small><\/div>[vc_column_text]Un module que nous avons utilis\u00e9 jusqu&#8217;\u00e0 pr\u00e9sent pour recueillir des informations sur la biodiversit\u00e9 est notre <strong>questionnaire fournisseur.<\/strong> Outre les questions sociales, celui-ci inclut \u00e9galement des consid\u00e9rations environnementales (comme l&#8217;utilisation de pesticides). En pr\u00e9paration \u00e0 la <a href=\"https:\/\/gruppe.seeberger.de\/de\/ueber-uns\/artikeldetailseite\/seeberger-konzept-zum-lieferkettensorgfaltspflichtengesetz-lksg\" target=\"_blank\" rel=\"noopener\">loi sur le devoir de vigilance de la cha\u00eene d&#8217;approvisionnement<\/a> (LkSG), nous avons dans un premier temps d\u00e9velopp\u00e9 ce questionnaire. Il a \u00e9t\u00e9 compl\u00e9t\u00e9 par d&#8217;autres th\u00e8mes li\u00e9s \u00e0 la biodiversit\u00e9, tels que l&#8217;utilisation d&#8217;\u00e9l\u00e9ments structurels* et les mesures visant \u00e0 accro\u00eetre la biodiversit\u00e9. Le concept Seeberger pr\u00e9voit ensuite d&#8217;entamer un dialogue avec les fournisseurs. Il s&#8217;agit alors de passer en revue les informations recueillies dans le questionnaire afin de prendre des mesures appropri\u00e9es pour am\u00e9liorer la biodiversit\u00e9 si n\u00e9cessaire.\n\nUn voyage au Portugal a eu lieu en octobre dans le cadre du projet de recherche. Notre responsable du d\u00e9veloppement durable et notre acheteur exp\u00e9riment\u00e9 ont \u00e9t\u00e9 accompagn\u00e9s par des chercheurs du ZNU (Centre pour la gestion durable des entreprises). Nous avons eu l&#8217;occasion de rencontrer des agriculteurs qui ont am\u00e9nag\u00e9 leurs terres en fonction de la biodiversit\u00e9. L&#8217;objectif de ce voyage \u00e9tait d&#8217;\u00e9valuer les mesures de biodiversit\u00e9 sur le terrain et de d\u00e9terminer l&#8217;impact potentiel de Seeberger sur ces mesures.\n\nL&#8217;outil central \u00e9tait notre questionnaire fournisseur, que nous avons encore optimis\u00e9 en nous basant sur la LCS. Nous voulions savoir comment chaque question \u00e9tait comprise par les agriculteurs et si les r\u00e9ponses apport\u00e9es \u00e9taient suffisantes pour \u00e9valuer la biodiversit\u00e9.\n\nApr\u00e8s les pr\u00e9cieux \u00e9changes avec les agriculteurs sur place, deux th\u00e8mes peuvent \u00eatre retenus comme progr\u00e8s interm\u00e9diaires :\n<ul>\n \t<li data-aria-level=\"2\" data-aria-posinset=\"1\"><strong>Dialogue <\/strong>et <strong>compr\u00e9hension <\/strong> mutuelle  \n<ul>\n \t<li data-aria-level=\"3\" data-aria-posinset=\"1\">La recherche de faits cl\u00e9s est importante.<\/li>\n \t<li data-aria-level=\"3\" data-aria-posinset=\"2\">Un questionnaire seul ne peut pas fournir d&#8217;informations pertinentes.<\/li>\n \t<li data-aria-level=\"3\" data-aria-posinset=\"3\">Pour comprendre le point de vue de l&#8217;autre, ses motivations, le contexte de ses actions et les enjeux, le dialogue est la cl\u00e9 du succ\u00e8s.<\/li>\n \t<li data-aria-level=\"3\" data-aria-posinset=\"4\">Abandonner la saisie statique au profit d&#8217;un \u00e9change dynamique.<\/li>\n<\/ul>\n<\/li>\n<\/ul>\nNous sommes tr\u00e8s heureux de constater que le concept Seeberger s&#8217;av\u00e8re \u00eatre en grande partie un outil qui fonctionne. Comme toujours, nous tirons de ce voyage de pr\u00e9cieux points d&#8217;optimisation.\n\n<strong>Car nous savons que le chemin est le but.<\/strong>\n\n&nbsp;\n\nPour plus d&#8217;informations sur notre participation au projet de recherche &#8220;BioVal&#8221;, cliquez ici :\n\n<a class=\"button button--outline--primary\" href=\"https:\/\/gruppe.seeberger.de\/fr\/blog\/participation-au-projet-de-recherche-bioval\/\">Participation au projet de recherche BioVal l Seeberger GmbH<\/a>\n\nPourquoi avons-nous consid\u00e9r\u00e9 la loi sur le devoir de vigilance de la cha\u00eene d&#8217;approvisionnement comme une opportunit\u00e9 et mis en place, sur une base volontaire, un concept pour r\u00e9pondre \u00e0 ses exigences ? Les r\u00e9ponses sont ici :\n\n<a class=\"button button--outline--primary\" href=\"https:\/\/gruppe.seeberger.de\/fr\/blog\/concept-seeberger-sur-la-loi-relative-aux-obligations-de-vigilance-de-la-chaine-dapprovisionnement-lksg\/\">Concept Seeberger relatif \u00e0 la loi sur les obligations de vigilance de la cha\u00eene d&#8217;approvisionnement (LksG) l Seeberger GmbH<\/a>[\/vc_column_text][\/vc_column][\/vc_row]<\/div>","protected":false},"excerpt":{"rendered":"Depuis un an, nous participons activement au projet de recherche &#8220;BioVal&#8221; en tant que partenaire pratique. La question centrale : comment pouvons-nous exiger la biodiversit\u00e9 et&#8230;","protected":false},"author":7,"featured_media":744,"comment_status":"closed","ping_status":"open","sticky":false,"template":"","format":"standard","meta":{"_acf_changed":false,"inline_featured_image":false,"footnotes":""},"categories":[49,29,32],"tags":[],"class_list":["post-1247","post","type-post","status-publish","format-standard","has-post-thumbnail","hentry","category-chaine-dapprovisionnement","category-durabilite","category-presse-fr"],"acf":[],"yoast_head":"<!-- This site is optimized with the Yoast SEO plugin v27.2 - https:\/\/yoast.com\/product\/yoast-seo-wordpress\/ -->\n<title>Exiger et promouvoir la biodiversit\u00e9 - Seeberger Gruppe<\/title>\n<meta name=\"description\" content=\"%\" \/>\n<meta name=\"robots\" content=\"index, follow, max-snippet:-1, max-image-preview:large, max-video-preview:-1\" \/>\n<link rel=\"canonical\" href=\"https:\/\/gruppe.seeberger.de\/fr\/blog\/exiger-et-promouvoir-la-biodiversite\/\" \/>\n<meta property=\"og:locale\" content=\"fr_FR\" \/>\n<meta property=\"og:type\" content=\"article\" \/>\n<meta property=\"og:title\" content=\"Exiger et promouvoir la biodiversit\u00e9 - Seeberger Gruppe\" \/>\n<meta property=\"og:description\" content=\"%\" \/>\n<meta property=\"og:url\" content=\"https:\/\/gruppe.seeberger.de\/fr\/blog\/exiger-et-promouvoir-la-biodiversite\/\" \/>\n<meta property=\"og:site_name\" content=\"Seeberger Gruppe\" \/>\n<meta property=\"article:publisher\" content=\"https:\/\/www.facebook.com\/seeberger.de\" \/>\n<meta property=\"article:published_time\" content=\"2022-12-13T14:52:57+00:00\" \/>\n<meta property=\"article:modified_time\" content=\"2024-04-26T11:04:28+00:00\" \/>\n<meta property=\"og:image\" content=\"https:\/\/gruppe.seeberger.de\/wp-content\/uploads\/2024\/03\/Seeberger_Biodiversitaet_fordern_und_foerdern-scaled.webp\" \/>\n\t<meta property=\"og:image:width\" content=\"2560\" \/>\n\t<meta property=\"og:image:height\" content=\"1439\" \/>\n\t<meta property=\"og:image:type\" content=\"image\/webp\" \/>\n<meta name=\"author\" content=\"Pluspol Redakteur\" \/>\n<meta name=\"twitter:card\" content=\"summary_large_image\" \/>\n<meta name=\"twitter:label1\" content=\"Written by\" \/>\n\t<meta name=\"twitter:data1\" content=\"Pluspol Redakteur\" \/>\n\t<meta name=\"twitter:label2\" content=\"Est. reading time\" \/>\n\t<meta name=\"twitter:data2\" content=\"3 minutes\" \/>\n<script type=\"application\/ld+json\" class=\"yoast-schema-graph\">{\"@context\":\"https:\/\/schema.org\",\"@graph\":[{\"@type\":\"Article\",\"@id\":\"https:\/\/gruppe.seeberger.de\/fr\/blog\/exiger-et-promouvoir-la-biodiversite\/#article\",\"isPartOf\":{\"@id\":\"https:\/\/gruppe.seeberger.de\/fr\/blog\/exiger-et-promouvoir-la-biodiversite\/\"},\"author\":{\"name\":\"Pluspol Redakteur\",\"@id\":\"https:\/\/gruppe.seeberger.de\/fr\/#\/schema\/person\/5e0a65ec56c86b97c646138374eb38d1\"},\"headline\":\"Exiger et promouvoir la biodiversit\u00e9\",\"datePublished\":\"2022-12-13T14:52:57+00:00\",\"dateModified\":\"2024-04-26T11:04:28+00:00\",\"mainEntityOfPage\":{\"@id\":\"https:\/\/gruppe.seeberger.de\/fr\/blog\/exiger-et-promouvoir-la-biodiversite\/\"},\"wordCount\":587,\"publisher\":{\"@id\":\"https:\/\/gruppe.seeberger.de\/fr\/#organization\"},\"image\":{\"@id\":\"https:\/\/gruppe.seeberger.de\/fr\/blog\/exiger-et-promouvoir-la-biodiversite\/#primaryimage\"},\"thumbnailUrl\":\"https:\/\/gruppe.seeberger.de\/wp\/wp-content\/uploads\/2024\/03\/Seeberger_Biodiversitaet_fordern_und_foerdern-scaled.webp\",\"articleSection\":[\"Cha\u00eene d\u2019approvisionnement\",\"Durabilit\u00e9\",\"Presse\"],\"inLanguage\":\"fr-FR\"},{\"@type\":\"WebPage\",\"@id\":\"https:\/\/gruppe.seeberger.de\/fr\/blog\/exiger-et-promouvoir-la-biodiversite\/\",\"url\":\"https:\/\/gruppe.seeberger.de\/fr\/blog\/exiger-et-promouvoir-la-biodiversite\/\",\"name\":\"Exiger et promouvoir la biodiversit\u00e9 - Seeberger Gruppe\",\"isPartOf\":{\"@id\":\"https:\/\/gruppe.seeberger.de\/fr\/#website\"},\"primaryImageOfPage\":{\"@id\":\"https:\/\/gruppe.seeberger.de\/fr\/blog\/exiger-et-promouvoir-la-biodiversite\/#primaryimage\"},\"image\":{\"@id\":\"https:\/\/gruppe.seeberger.de\/fr\/blog\/exiger-et-promouvoir-la-biodiversite\/#primaryimage\"},\"thumbnailUrl\":\"https:\/\/gruppe.seeberger.de\/wp\/wp-content\/uploads\/2024\/03\/Seeberger_Biodiversitaet_fordern_und_foerdern-scaled.webp\",\"datePublished\":\"2022-12-13T14:52:57+00:00\",\"dateModified\":\"2024-04-26T11:04:28+00:00\",\"description\":\"%\",\"breadcrumb\":{\"@id\":\"https:\/\/gruppe.seeberger.de\/fr\/blog\/exiger-et-promouvoir-la-biodiversite\/#breadcrumb\"},\"inLanguage\":\"fr-FR\",\"potentialAction\":[{\"@type\":\"ReadAction\",\"target\":[\"https:\/\/gruppe.seeberger.de\/fr\/blog\/exiger-et-promouvoir-la-biodiversite\/\"]}]},{\"@type\":\"ImageObject\",\"inLanguage\":\"fr-FR\",\"@id\":\"https:\/\/gruppe.seeberger.de\/fr\/blog\/exiger-et-promouvoir-la-biodiversite\/#primaryimage\",\"url\":\"https:\/\/gruppe.seeberger.de\/wp\/wp-content\/uploads\/2024\/03\/Seeberger_Biodiversitaet_fordern_und_foerdern-scaled.webp\",\"contentUrl\":\"https:\/\/gruppe.seeberger.de\/wp\/wp-content\/uploads\/2024\/03\/Seeberger_Biodiversitaet_fordern_und_foerdern-scaled.webp\",\"width\":2560,\"height\":1439,\"caption\":\"Biene an Bl\u00fcte\"},{\"@type\":\"BreadcrumbList\",\"@id\":\"https:\/\/gruppe.seeberger.de\/fr\/blog\/exiger-et-promouvoir-la-biodiversite\/#breadcrumb\",\"itemListElement\":[{\"@type\":\"ListItem\",\"position\":1,\"name\":\"Home\",\"item\":\"https:\/\/gruppe.seeberger.de\/fr\/\"},{\"@type\":\"ListItem\",\"position\":2,\"name\":\"Exiger et promouvoir la biodiversit\u00e9\"}]},{\"@type\":\"WebSite\",\"@id\":\"https:\/\/gruppe.seeberger.de\/fr\/#website\",\"url\":\"https:\/\/gruppe.seeberger.de\/fr\/\",\"name\":\"Seeberger Gruppe Website\",\"description\":\"Ein Familienunternehmen mit Tradition\",\"publisher\":{\"@id\":\"https:\/\/gruppe.seeberger.de\/fr\/#organization\"},\"alternateName\":\"Seeberger Gruppe\",\"potentialAction\":[{\"@type\":\"SearchAction\",\"target\":{\"@type\":\"EntryPoint\",\"urlTemplate\":\"https:\/\/gruppe.seeberger.de\/fr\/?s={search_term_string}\"},\"query-input\":{\"@type\":\"PropertyValueSpecification\",\"valueRequired\":true,\"valueName\":\"search_term_string\"}}],\"inLanguage\":\"fr-FR\"},{\"@type\":\"Organization\",\"@id\":\"https:\/\/gruppe.seeberger.de\/fr\/#organization\",\"name\":\"Seeberger Gruppe\",\"url\":\"https:\/\/gruppe.seeberger.de\/fr\/\",\"logo\":{\"@type\":\"ImageObject\",\"inLanguage\":\"fr-FR\",\"@id\":\"https:\/\/gruppe.seeberger.de\/fr\/#\/schema\/logo\/image\/\",\"url\":\"https:\/\/gruppe.seeberger.de\/wp-content\/uploads\/2024\/03\/seeberger-gruppe-logo.svg\",\"contentUrl\":\"https:\/\/gruppe.seeberger.de\/wp-content\/uploads\/2024\/03\/seeberger-gruppe-logo.svg\",\"width\":224,\"height\":64,\"caption\":\"Seeberger Gruppe\"},\"image\":{\"@id\":\"https:\/\/gruppe.seeberger.de\/fr\/#\/schema\/logo\/image\/\"},\"sameAs\":[\"https:\/\/www.facebook.com\/seeberger.de\",\"https:\/\/www.youtube.com\/channel\/UC1ZsMjWjwtYtlymi5VKdRqA\",\"https:\/\/www.instagram.com\/seeberger_1844\/\",\"https:\/\/www.xing.com\/pages\/seebergergmbh\",\"http:\/\/www.linkedin.com\/company\/seeberger\"]},{\"@type\":\"Person\",\"@id\":\"https:\/\/gruppe.seeberger.de\/fr\/#\/schema\/person\/5e0a65ec56c86b97c646138374eb38d1\",\"name\":\"Pluspol Redakteur\"}]}<\/script>\n<!-- \/ Yoast SEO plugin. -->","yoast_head_json":{"title":"Exiger et promouvoir la biodiversit\u00e9 - Seeberger Gruppe","description":"%","robots":{"index":"index","follow":"follow","max-snippet":"max-snippet:-1","max-image-preview":"max-image-preview:large","max-video-preview":"max-video-preview:-1"},"canonical":"https:\/\/gruppe.seeberger.de\/fr\/blog\/exiger-et-promouvoir-la-biodiversite\/","og_locale":"fr_FR","og_type":"article","og_title":"Exiger et promouvoir la biodiversit\u00e9 - Seeberger Gruppe","og_description":"%","og_url":"https:\/\/gruppe.seeberger.de\/fr\/blog\/exiger-et-promouvoir-la-biodiversite\/","og_site_name":"Seeberger Gruppe","article_publisher":"https:\/\/www.facebook.com\/seeberger.de","article_published_time":"2022-12-13T14:52:57+00:00","article_modified_time":"2024-04-26T11:04:28+00:00","og_image":[{"width":2560,"height":1439,"url":"https:\/\/gruppe.seeberger.de\/wp-content\/uploads\/2024\/03\/Seeberger_Biodiversitaet_fordern_und_foerdern-scaled.webp","type":"image\/webp"}],"author":"Pluspol Redakteur","twitter_card":"summary_large_image","twitter_misc":{"Written by":"Pluspol Redakteur","Est. reading time":"3 minutes"},"schema":{"@context":"https:\/\/schema.org","@graph":[{"@type":"Article","@id":"https:\/\/gruppe.seeberger.de\/fr\/blog\/exiger-et-promouvoir-la-biodiversite\/#article","isPartOf":{"@id":"https:\/\/gruppe.seeberger.de\/fr\/blog\/exiger-et-promouvoir-la-biodiversite\/"},"author":{"name":"Pluspol Redakteur","@id":"https:\/\/gruppe.seeberger.de\/fr\/#\/schema\/person\/5e0a65ec56c86b97c646138374eb38d1"},"headline":"Exiger et promouvoir la biodiversit\u00e9","datePublished":"2022-12-13T14:52:57+00:00","dateModified":"2024-04-26T11:04:28+00:00","mainEntityOfPage":{"@id":"https:\/\/gruppe.seeberger.de\/fr\/blog\/exiger-et-promouvoir-la-biodiversite\/"},"wordCount":587,"publisher":{"@id":"https:\/\/gruppe.seeberger.de\/fr\/#organization"},"image":{"@id":"https:\/\/gruppe.seeberger.de\/fr\/blog\/exiger-et-promouvoir-la-biodiversite\/#primaryimage"},"thumbnailUrl":"https:\/\/gruppe.seeberger.de\/wp\/wp-content\/uploads\/2024\/03\/Seeberger_Biodiversitaet_fordern_und_foerdern-scaled.webp","articleSection":["Cha\u00eene d\u2019approvisionnement","Durabilit\u00e9","Presse"],"inLanguage":"fr-FR"},{"@type":"WebPage","@id":"https:\/\/gruppe.seeberger.de\/fr\/blog\/exiger-et-promouvoir-la-biodiversite\/","url":"https:\/\/gruppe.seeberger.de\/fr\/blog\/exiger-et-promouvoir-la-biodiversite\/","name":"Exiger et promouvoir la biodiversit\u00e9 - Seeberger Gruppe","isPartOf":{"@id":"https:\/\/gruppe.seeberger.de\/fr\/#website"},"primaryImageOfPage":{"@id":"https:\/\/gruppe.seeberger.de\/fr\/blog\/exiger-et-promouvoir-la-biodiversite\/#primaryimage"},"image":{"@id":"https:\/\/gruppe.seeberger.de\/fr\/blog\/exiger-et-promouvoir-la-biodiversite\/#primaryimage"},"thumbnailUrl":"https:\/\/gruppe.seeberger.de\/wp\/wp-content\/uploads\/2024\/03\/Seeberger_Biodiversitaet_fordern_und_foerdern-scaled.webp","datePublished":"2022-12-13T14:52:57+00:00","dateModified":"2024-04-26T11:04:28+00:00","description":"%","breadcrumb":{"@id":"https:\/\/gruppe.seeberger.de\/fr\/blog\/exiger-et-promouvoir-la-biodiversite\/#breadcrumb"},"inLanguage":"fr-FR","potentialAction":[{"@type":"ReadAction","target":["https:\/\/gruppe.seeberger.de\/fr\/blog\/exiger-et-promouvoir-la-biodiversite\/"]}]},{"@type":"ImageObject","inLanguage":"fr-FR","@id":"https:\/\/gruppe.seeberger.de\/fr\/blog\/exiger-et-promouvoir-la-biodiversite\/#primaryimage","url":"https:\/\/gruppe.seeberger.de\/wp\/wp-content\/uploads\/2024\/03\/Seeberger_Biodiversitaet_fordern_und_foerdern-scaled.webp","contentUrl":"https:\/\/gruppe.seeberger.de\/wp\/wp-content\/uploads\/2024\/03\/Seeberger_Biodiversitaet_fordern_und_foerdern-scaled.webp","width":2560,"height":1439,"caption":"Biene an Bl\u00fcte"},{"@type":"BreadcrumbList","@id":"https:\/\/gruppe.seeberger.de\/fr\/blog\/exiger-et-promouvoir-la-biodiversite\/#breadcrumb","itemListElement":[{"@type":"ListItem","position":1,"name":"Home","item":"https:\/\/gruppe.seeberger.de\/fr\/"},{"@type":"ListItem","position":2,"name":"Exiger et promouvoir la biodiversit\u00e9"}]},{"@type":"WebSite","@id":"https:\/\/gruppe.seeberger.de\/fr\/#website","url":"https:\/\/gruppe.seeberger.de\/fr\/","name":"Seeberger Gruppe Website","description":"Ein Familienunternehmen mit Tradition","publisher":{"@id":"https:\/\/gruppe.seeberger.de\/fr\/#organization"},"alternateName":"Seeberger Gruppe","potentialAction":[{"@type":"SearchAction","target":{"@type":"EntryPoint","urlTemplate":"https:\/\/gruppe.seeberger.de\/fr\/?s={search_term_string}"},"query-input":{"@type":"PropertyValueSpecification","valueRequired":true,"valueName":"search_term_string"}}],"inLanguage":"fr-FR"},{"@type":"Organization","@id":"https:\/\/gruppe.seeberger.de\/fr\/#organization","name":"Seeberger Gruppe","url":"https:\/\/gruppe.seeberger.de\/fr\/","logo":{"@type":"ImageObject","inLanguage":"fr-FR","@id":"https:\/\/gruppe.seeberger.de\/fr\/#\/schema\/logo\/image\/","url":"https:\/\/gruppe.seeberger.de\/wp-content\/uploads\/2024\/03\/seeberger-gruppe-logo.svg","contentUrl":"https:\/\/gruppe.seeberger.de\/wp-content\/uploads\/2024\/03\/seeberger-gruppe-logo.svg","width":224,"height":64,"caption":"Seeberger Gruppe"},"image":{"@id":"https:\/\/gruppe.seeberger.de\/fr\/#\/schema\/logo\/image\/"},"sameAs":["https:\/\/www.facebook.com\/seeberger.de","https:\/\/www.youtube.com\/channel\/UC1ZsMjWjwtYtlymi5VKdRqA","https:\/\/www.instagram.com\/seeberger_1844\/","https:\/\/www.xing.com\/pages\/seebergergmbh","http:\/\/www.linkedin.com\/company\/seeberger"]},{"@type":"Person","@id":"https:\/\/gruppe.seeberger.de\/fr\/#\/schema\/person\/5e0a65ec56c86b97c646138374eb38d1","name":"Pluspol Redakteur"}]}},"_links":{"self":[{"href":"https:\/\/gruppe.seeberger.de\/fr\/wp-json\/wp\/v2\/posts\/1247","targetHints":{"allow":["GET"]}}],"collection":[{"href":"https:\/\/gruppe.seeberger.de\/fr\/wp-json\/wp\/v2\/posts"}],"about":[{"href":"https:\/\/gruppe.seeberger.de\/fr\/wp-json\/wp\/v2\/types\/post"}],"author":[{"embeddable":true,"href":"https:\/\/gruppe.seeberger.de\/fr\/wp-json\/wp\/v2\/users\/7"}],"replies":[{"embeddable":true,"href":"https:\/\/gruppe.seeberger.de\/fr\/wp-json\/wp\/v2\/comments?post=1247"}],"version-history":[{"count":3,"href":"https:\/\/gruppe.seeberger.de\/fr\/wp-json\/wp\/v2\/posts\/1247\/revisions"}],"predecessor-version":[{"id":2393,"href":"https:\/\/gruppe.seeberger.de\/fr\/wp-json\/wp\/v2\/posts\/1247\/revisions\/2393"}],"wp:featuredmedia":[{"embeddable":true,"href":"https:\/\/gruppe.seeberger.de\/fr\/wp-json\/wp\/v2\/media\/744"}],"wp:attachment":[{"href":"https:\/\/gruppe.seeberger.de\/fr\/wp-json\/wp\/v2\/media?parent=1247"}],"wp:term":[{"taxonomy":"category","embeddable":true,"href":"https:\/\/gruppe.seeberger.de\/fr\/wp-json\/wp\/v2\/categories?post=1247"},{"taxonomy":"post_tag","embeddable":true,"href":"https:\/\/gruppe.seeberger.de\/fr\/wp-json\/wp\/v2\/tags?post=1247"}],"curies":[{"name":"wp","href":"https:\/\/api.w.org\/{rel}","templated":true}]}}