{"id":1325,"date":"2023-11-17T11:14:35","date_gmt":"2023-11-17T10:14:35","guid":{"rendered":"https:\/\/gruppe.seeberger.de\/blog\/prix-dencouragement-du-pain-de-sucre-dor-2023-pour-notre-collaboratrice-julia-herrmann\/"},"modified":"2025-02-21T08:41:36","modified_gmt":"2025-02-21T07:41:36","slug":"prix-dencouragement-du-pain-de-sucre-dor-2023-pour-notre-collaboratrice-julia-herrmann","status":"publish","type":"post","link":"https:\/\/gruppe.seeberger.de\/fr\/blog\/prix-dencouragement-du-pain-de-sucre-dor-2023-pour-notre-collaboratrice-julia-herrmann\/","title":{"rendered":"Prix d&#8217;encouragement du Pain de Sucre d&#8217;Or 2023 pour notre collaboratrice Julia Herrmann"},"content":{"rendered":"<div class=\"wpb-content-wrapper\">[vc_row ppi_content_type=&#8221;ppi_content_width_medium&#8221;][vc_column][vc_column_text]\r\n<h1 class=\"h1 magazine-detailHeadline\" style=\"text-align: center;\">Prix d&#8217;encouragement du Pain de Sucre d&#8217;Or 2023 pour notre collaboratrice Julia Herrmann<\/h1>\r\n[\/vc_column_text]<div class=\"see_image \"><figure><img loading=\"lazy\" decoding=\"async\" width=\"1024\" height=\"768\" src=\"https:\/\/gruppe.seeberger.de\/wp\/wp-content\/uploads\/2024\/03\/Julia_Herrmann_2.webp\" class=\"attachment-see-lg size-see-lg\" alt=\"B\u00fchne Goldener Zuckerhut mit Preistr\u00e4gern\" srcset=\"https:\/\/gruppe.seeberger.de\/wp\/wp-content\/uploads\/2024\/03\/Julia_Herrmann_2.webp 1024w, https:\/\/gruppe.seeberger.de\/wp\/wp-content\/uploads\/2024\/03\/Julia_Herrmann_2-300x225.webp 300w, https:\/\/gruppe.seeberger.de\/wp\/wp-content\/uploads\/2024\/03\/Julia_Herrmann_2-768x576.webp 768w, https:\/\/gruppe.seeberger.de\/wp\/wp-content\/uploads\/2024\/03\/Julia_Herrmann_2-992x744.webp 992w, https:\/\/gruppe.seeberger.de\/wp\/wp-content\/uploads\/2024\/03\/Julia_Herrmann_2-480x360.webp 480w\" sizes=\"auto, (max-width: 1024px) 100vw, 1024px\" \/><\/figure><\/div>[vc_column_text]La Fondation du Pain de Sucre d&#8217;Or d\u00e9cerne chaque ann\u00e9e, en plus des prix d\u00e9cern\u00e9s aux commer\u00e7ants, aux personnalit\u00e9s et aux entreprises industrielles, des prix dits d&#8217;encouragement \u00e0 dix jeunes talents de l&#8217;industrie alimentaire. Nous sommes particuli\u00e8rement heureux avec et pour notre coll\u00e8gue des ressources humaines, Julia Herrmann, qui a re\u00e7u ce prix sp\u00e9cial cette ann\u00e9e.  <strong>F\u00e9licitations !<\/strong>  Ce prix t\u00e9moigne de l&#8217;engagement particulier des laur\u00e9ats, qui se sont particuli\u00e8rement investis dans et pour le secteur alimentaire et qui souhaitent continuer \u00e0 se former. Le prix est \u00e9galement accompagn\u00e9 d&#8217;une somme d&#8217;argent que les laur\u00e9ats doivent investir dans une formation personnelle. Pour participer, vous devez avoir termin\u00e9 votre formation ou vos \u00e9tudes, appartenir au secteur alimentaire (commer\u00e7ant ou industriel) et \u00eatre \u00e2g\u00e9 de 29 ans maximum. Pour en savoir plus, cliquez ici : <a class=\"button button--outline--primary\" href=\"https:\/\/gruppe.seeberger.de\/de\/unternehmen\/verantwortung-philosophie\/nachhaltigkeit#nachhaltigkeitsberichte\">Fondation du Pain de Sucre d&#8217;Or<\/a>[\/vc_column_text]<div class=\"see_image \"><figure><img loading=\"lazy\" decoding=\"async\" width=\"720\" height=\"960\" src=\"https:\/\/gruppe.seeberger.de\/wp\/wp-content\/uploads\/2024\/02\/Julia_Herrmann.webp\" class=\"attachment-see-lg size-see-lg\" alt=\"Mitarbeiterin Julia Herrmann umrahmt von Gesch\u00e4ftsf\u00fchrer Ralph Beranek und Vertriebsleiter Sven Eckartsberg\" srcset=\"https:\/\/gruppe.seeberger.de\/wp\/wp-content\/uploads\/2024\/02\/Julia_Herrmann.webp 720w, https:\/\/gruppe.seeberger.de\/wp\/wp-content\/uploads\/2024\/02\/Julia_Herrmann-225x300.webp 225w, https:\/\/gruppe.seeberger.de\/wp\/wp-content\/uploads\/2024\/02\/Julia_Herrmann-480x640.webp 480w\" sizes=\"auto, (max-width: 720px) 100vw, 720px\" \/><\/figure><\/div>[vc_column_text]\r\n<div id=\"c18478\" class=\"frame frame-default frame-type-textpic frame-layout-0\">\n<div class=\"ce-textpic ce-right ce-intext ce-nowrap\">\n<div class=\"ce-bodytext\">\n\n<strong style=\"font-size: 1rem;\">Avant la remise des prix, nous nous sommes entretenus avec notre coll\u00e8gue et laur\u00e9ate Julia Herrmann :<\/strong><strong style=\"font-size: 1rem;\">Seeberger :<\/strong><span style=\"font-size: 1rem;\">  Julia, toutes nos f\u00e9licitations pour cette belle r\u00e9compense ! Comment en est-on arriv\u00e9 l\u00e0 ?<\/span>\n\n<strong style=\"font-size: 1rem;\">Julia :<\/strong><span style=\"font-size: 1rem;\">  Merci beaucoup, je suis \u00e9galement tr\u00e8s honor\u00e9 d&#8217;avoir \u00e9t\u00e9 choisi. En principe, la fondation &#8220;Pain de sucre d&#8217;or&#8221; \u00e9crit aux entreprises en tant qu&#8217;employeurs pour leur indiquer les conditions g\u00e9n\u00e9rales de ce prix d&#8217;encouragement. Chez Seeberger, les cadres ont ensuite examin\u00e9 les jeunes talents qu&#8217;ils souhaitaient proposer et ont clarifi\u00e9 lors d&#8217;un entretien individuel s&#8217;il ou si elle pouvait \u00e9galement envisager de participer.<\/span>\n\n<strong style=\"font-size: 1rem;\">Seeberger : <\/strong><span style=\"font-size: 1rem;\">Avez-vous d\u00fb \u00eatre convaincue ou avez-vous tout de suite compris que vous vouliez participer ?<\/span><strong style=\"font-size: 1rem;\">Julia :<\/strong><span style=\"font-size: 1rem;\">  Je connaissais d\u00e9j\u00e0 le &#8220;Pain de Sucre d&#8217;Or&#8221; gr\u00e2ce \u00e0 notre couverture interne de l&#8217;ann\u00e9e derni\u00e8re. J&#8217;envisageais depuis longtemps de suivre une formation continue en d\u00e9veloppement organisationnel syst\u00e9mique. J&#8217;ai donc \u00e9t\u00e9 tr\u00e8s heureux que mon manager m&#8217;encourage \u00e0 soumettre ma candidature pour le prix d&#8217;encouragement. La formation a d\u00e9but\u00e9 en septembre et se poursuivra jusqu&#8217;en avril 2024.<\/span>\n\n<strong style=\"font-size: 1rem;\">Seeberger :<\/strong><span style=\"font-size: 1rem;\"> Qu&#8217;est-ce qui, selon vous, a fait pencher la balance en votre faveur ?<\/span><strong style=\"font-size: 1rem;\">Julia :<\/strong><span style=\"font-size: 1rem;\">  Je pense que j&#8217;ai bien \u00e9volu\u00e9 depuis mon arriv\u00e9e ici chez Seeberger \u00e0 l&#8217;automne 2021 en tant que responsable des ressources humaines et que j&#8217;ai pu prendre des responsabilit\u00e9s en tant que HR Business Partner d\u00e8s le printemps 2022. Je souhaite accompagner des processus de changement de mani\u00e8re cibl\u00e9e et professionnelle, ce qui convient parfaitement \u00e0 Seeberger et \u00e0 son \u00e9quipe.<\/span>\n\n<strong style=\"font-size: 1rem;\">Seeberger :<\/strong><span style=\"font-size: 1rem;\"> Dans quelle mesure ou peux-tu nous expliquer quelque chose ?<\/span><strong style=\"font-size: 1rem;\">Julia :<\/strong><span style=\"font-size: 1rem;\">  Seeberger, en tant qu&#8217;entreprise dynamique en pleine croissance, a toujours chang\u00e9 et doit continuer \u00e0 changer dans l&#8217;ensemble de son organisation pour pouvoir continuer \u00e0 r\u00e9ussir. J&#8217;essaie d&#8217;apporter ma pierre \u00e0 l&#8217;\u00e9difice en ayant une vue d&#8217;ensemble et en abordant les sujets de mani\u00e8re strat\u00e9gique. Je suis vraiment tr\u00e8s heureux que Seeberger m&#8217;ait apport\u00e9 un tel soutien dans mon d\u00e9veloppement. Je pense que c&#8217;est quelque chose de sp\u00e9cial.<\/span>\n\n<strong style=\"font-size: 1rem;\">Seeberger :<\/strong><span style=\"font-size: 1rem;\"> Merci beaucoup pour cet entretien, f\u00e9licitations encore une fois et profitez de ces deux jours extraordinaires \u00e0 Berlin !<\/span>\n\n&nbsp;\n\n<\/div>\n<\/div>\n<\/div>\r\n[\/vc_column_text][\/vc_column][\/vc_row]<\/div>","protected":false},"excerpt":{"rendered":"Notre coll\u00e8gue Julia Herrmann, l&#8217;un des dix jeunes talents de l&#8217;industrie alimentaire, remporte le prix d&#8217;encouragement de la Fondation du pain de sucre d&#8217;or.","protected":false},"author":7,"featured_media":662,"comment_status":"closed","ping_status":"open","sticky":false,"template":"","format":"standard","meta":{"_acf_changed":false,"inline_featured_image":false,"footnotes":""},"categories":[30],"tags":[],"class_list":["post-1325","post","type-post","status-publish","format-standard","has-post-thumbnail","hentry","category-groupe-seeberger"],"acf":[],"yoast_head":"<!-- This site is optimized with the Yoast SEO plugin v27.2 - https:\/\/yoast.com\/product\/yoast-seo-wordpress\/ -->\n<title>Prix d&#039;encouragement du Pain de Sucre d&#039;Or 2023 pour notre collaboratrice Julia Herrmann - Seeberger Gruppe<\/title>\n<meta name=\"description\" content=\"%\" \/>\n<meta name=\"robots\" content=\"index, follow, max-snippet:-1, max-image-preview:large, max-video-preview:-1\" \/>\n<link rel=\"canonical\" href=\"https:\/\/gruppe.seeberger.de\/fr\/blog\/prix-dencouragement-du-pain-de-sucre-dor-2023-pour-notre-collaboratrice-julia-herrmann\/\" \/>\n<meta property=\"og:locale\" content=\"fr_FR\" \/>\n<meta property=\"og:type\" content=\"article\" \/>\n<meta property=\"og:title\" content=\"Prix d&#039;encouragement du Pain de Sucre d&#039;Or 2023 pour notre collaboratrice Julia Herrmann - Seeberger Gruppe\" \/>\n<meta property=\"og:description\" content=\"%\" \/>\n<meta property=\"og:url\" content=\"https:\/\/gruppe.seeberger.de\/fr\/blog\/prix-dencouragement-du-pain-de-sucre-dor-2023-pour-notre-collaboratrice-julia-herrmann\/\" \/>\n<meta property=\"og:site_name\" content=\"Seeberger Gruppe\" \/>\n<meta property=\"article:publisher\" content=\"https:\/\/www.facebook.com\/seeberger.de\" \/>\n<meta property=\"article:published_time\" content=\"2023-11-17T10:14:35+00:00\" \/>\n<meta property=\"article:modified_time\" content=\"2025-02-21T07:41:36+00:00\" \/>\n<meta property=\"og:image\" content=\"https:\/\/gruppe.seeberger.de\/wp\/wp-content\/uploads\/2024\/02\/Julia_Herrmann.webp\" \/>\n\t<meta property=\"og:image:width\" content=\"720\" \/>\n\t<meta property=\"og:image:height\" content=\"960\" \/>\n\t<meta property=\"og:image:type\" content=\"image\/webp\" \/>\n<meta name=\"author\" content=\"Pluspol Redakteur\" \/>\n<meta name=\"twitter:card\" content=\"summary_large_image\" \/>\n<meta name=\"twitter:label1\" content=\"Written by\" \/>\n\t<meta name=\"twitter:data1\" content=\"Pluspol Redakteur\" \/>\n\t<meta name=\"twitter:label2\" content=\"Est. reading time\" \/>\n\t<meta name=\"twitter:data2\" content=\"3 minutes\" \/>\n<script type=\"application\/ld+json\" class=\"yoast-schema-graph\">{\"@context\":\"https:\/\/schema.org\",\"@graph\":[{\"@type\":\"Article\",\"@id\":\"https:\/\/gruppe.seeberger.de\/fr\/blog\/prix-dencouragement-du-pain-de-sucre-dor-2023-pour-notre-collaboratrice-julia-herrmann\/#article\",\"isPartOf\":{\"@id\":\"https:\/\/gruppe.seeberger.de\/fr\/blog\/prix-dencouragement-du-pain-de-sucre-dor-2023-pour-notre-collaboratrice-julia-herrmann\/\"},\"author\":{\"name\":\"Pluspol Redakteur\",\"@id\":\"https:\/\/gruppe.seeberger.de\/fr\/#\/schema\/person\/5e0a65ec56c86b97c646138374eb38d1\"},\"headline\":\"Prix d&#8217;encouragement du Pain de Sucre d&#8217;Or 2023 pour notre collaboratrice Julia Herrmann\",\"datePublished\":\"2023-11-17T10:14:35+00:00\",\"dateModified\":\"2025-02-21T07:41:36+00:00\",\"mainEntityOfPage\":{\"@id\":\"https:\/\/gruppe.seeberger.de\/fr\/blog\/prix-dencouragement-du-pain-de-sucre-dor-2023-pour-notre-collaboratrice-julia-herrmann\/\"},\"wordCount\":607,\"publisher\":{\"@id\":\"https:\/\/gruppe.seeberger.de\/fr\/#organization\"},\"image\":{\"@id\":\"https:\/\/gruppe.seeberger.de\/fr\/blog\/prix-dencouragement-du-pain-de-sucre-dor-2023-pour-notre-collaboratrice-julia-herrmann\/#primaryimage\"},\"thumbnailUrl\":\"https:\/\/gruppe.seeberger.de\/wp\/wp-content\/uploads\/2024\/02\/Julia_Herrmann.webp\",\"articleSection\":[\"Groupe Seeberger\"],\"inLanguage\":\"fr-FR\"},{\"@type\":\"WebPage\",\"@id\":\"https:\/\/gruppe.seeberger.de\/fr\/blog\/prix-dencouragement-du-pain-de-sucre-dor-2023-pour-notre-collaboratrice-julia-herrmann\/\",\"url\":\"https:\/\/gruppe.seeberger.de\/fr\/blog\/prix-dencouragement-du-pain-de-sucre-dor-2023-pour-notre-collaboratrice-julia-herrmann\/\",\"name\":\"Prix d'encouragement du Pain de Sucre d'Or 2023 pour notre collaboratrice Julia Herrmann - Seeberger Gruppe\",\"isPartOf\":{\"@id\":\"https:\/\/gruppe.seeberger.de\/fr\/#website\"},\"primaryImageOfPage\":{\"@id\":\"https:\/\/gruppe.seeberger.de\/fr\/blog\/prix-dencouragement-du-pain-de-sucre-dor-2023-pour-notre-collaboratrice-julia-herrmann\/#primaryimage\"},\"image\":{\"@id\":\"https:\/\/gruppe.seeberger.de\/fr\/blog\/prix-dencouragement-du-pain-de-sucre-dor-2023-pour-notre-collaboratrice-julia-herrmann\/#primaryimage\"},\"thumbnailUrl\":\"https:\/\/gruppe.seeberger.de\/wp\/wp-content\/uploads\/2024\/02\/Julia_Herrmann.webp\",\"datePublished\":\"2023-11-17T10:14:35+00:00\",\"dateModified\":\"2025-02-21T07:41:36+00:00\",\"description\":\"%\",\"breadcrumb\":{\"@id\":\"https:\/\/gruppe.seeberger.de\/fr\/blog\/prix-dencouragement-du-pain-de-sucre-dor-2023-pour-notre-collaboratrice-julia-herrmann\/#breadcrumb\"},\"inLanguage\":\"fr-FR\",\"potentialAction\":[{\"@type\":\"ReadAction\",\"target\":[\"https:\/\/gruppe.seeberger.de\/fr\/blog\/prix-dencouragement-du-pain-de-sucre-dor-2023-pour-notre-collaboratrice-julia-herrmann\/\"]}]},{\"@type\":\"ImageObject\",\"inLanguage\":\"fr-FR\",\"@id\":\"https:\/\/gruppe.seeberger.de\/fr\/blog\/prix-dencouragement-du-pain-de-sucre-dor-2023-pour-notre-collaboratrice-julia-herrmann\/#primaryimage\",\"url\":\"https:\/\/gruppe.seeberger.de\/wp\/wp-content\/uploads\/2024\/02\/Julia_Herrmann.webp\",\"contentUrl\":\"https:\/\/gruppe.seeberger.de\/wp\/wp-content\/uploads\/2024\/02\/Julia_Herrmann.webp\",\"width\":720,\"height\":960,\"caption\":\"Mitarbeiterin Julia Herrmann umrahmt von Gesch\u00e4ftsf\u00fchrer Ralph Beranek und Vertriebsleiter Sven Eckartsberg\"},{\"@type\":\"BreadcrumbList\",\"@id\":\"https:\/\/gruppe.seeberger.de\/fr\/blog\/prix-dencouragement-du-pain-de-sucre-dor-2023-pour-notre-collaboratrice-julia-herrmann\/#breadcrumb\",\"itemListElement\":[{\"@type\":\"ListItem\",\"position\":1,\"name\":\"Home\",\"item\":\"https:\/\/gruppe.seeberger.de\/fr\/\"},{\"@type\":\"ListItem\",\"position\":2,\"name\":\"Prix d&#8217;encouragement du Pain de Sucre d&#8217;Or 2023 pour notre collaboratrice Julia Herrmann\"}]},{\"@type\":\"WebSite\",\"@id\":\"https:\/\/gruppe.seeberger.de\/fr\/#website\",\"url\":\"https:\/\/gruppe.seeberger.de\/fr\/\",\"name\":\"Seeberger Gruppe Website\",\"description\":\"Ein Familienunternehmen mit Tradition\",\"publisher\":{\"@id\":\"https:\/\/gruppe.seeberger.de\/fr\/#organization\"},\"alternateName\":\"Seeberger Gruppe\",\"potentialAction\":[{\"@type\":\"SearchAction\",\"target\":{\"@type\":\"EntryPoint\",\"urlTemplate\":\"https:\/\/gruppe.seeberger.de\/fr\/?s={search_term_string}\"},\"query-input\":{\"@type\":\"PropertyValueSpecification\",\"valueRequired\":true,\"valueName\":\"search_term_string\"}}],\"inLanguage\":\"fr-FR\"},{\"@type\":\"Organization\",\"@id\":\"https:\/\/gruppe.seeberger.de\/fr\/#organization\",\"name\":\"Seeberger Gruppe\",\"url\":\"https:\/\/gruppe.seeberger.de\/fr\/\",\"logo\":{\"@type\":\"ImageObject\",\"inLanguage\":\"fr-FR\",\"@id\":\"https:\/\/gruppe.seeberger.de\/fr\/#\/schema\/logo\/image\/\",\"url\":\"https:\/\/gruppe.seeberger.de\/wp-content\/uploads\/2024\/03\/seeberger-gruppe-logo.svg\",\"contentUrl\":\"https:\/\/gruppe.seeberger.de\/wp-content\/uploads\/2024\/03\/seeberger-gruppe-logo.svg\",\"width\":224,\"height\":64,\"caption\":\"Seeberger Gruppe\"},\"image\":{\"@id\":\"https:\/\/gruppe.seeberger.de\/fr\/#\/schema\/logo\/image\/\"},\"sameAs\":[\"https:\/\/www.facebook.com\/seeberger.de\",\"https:\/\/www.youtube.com\/channel\/UC1ZsMjWjwtYtlymi5VKdRqA\",\"https:\/\/www.instagram.com\/seeberger_1844\/\",\"https:\/\/www.xing.com\/pages\/seebergergmbh\",\"http:\/\/www.linkedin.com\/company\/seeberger\"]},{\"@type\":\"Person\",\"@id\":\"https:\/\/gruppe.seeberger.de\/fr\/#\/schema\/person\/5e0a65ec56c86b97c646138374eb38d1\",\"name\":\"Pluspol Redakteur\"}]}<\/script>\n<!-- \/ Yoast SEO plugin. -->","yoast_head_json":{"title":"Prix d'encouragement du Pain de Sucre d'Or 2023 pour notre collaboratrice Julia Herrmann - Seeberger Gruppe","description":"%","robots":{"index":"index","follow":"follow","max-snippet":"max-snippet:-1","max-image-preview":"max-image-preview:large","max-video-preview":"max-video-preview:-1"},"canonical":"https:\/\/gruppe.seeberger.de\/fr\/blog\/prix-dencouragement-du-pain-de-sucre-dor-2023-pour-notre-collaboratrice-julia-herrmann\/","og_locale":"fr_FR","og_type":"article","og_title":"Prix d'encouragement du Pain de Sucre d'Or 2023 pour notre collaboratrice Julia Herrmann - Seeberger Gruppe","og_description":"%","og_url":"https:\/\/gruppe.seeberger.de\/fr\/blog\/prix-dencouragement-du-pain-de-sucre-dor-2023-pour-notre-collaboratrice-julia-herrmann\/","og_site_name":"Seeberger Gruppe","article_publisher":"https:\/\/www.facebook.com\/seeberger.de","article_published_time":"2023-11-17T10:14:35+00:00","article_modified_time":"2025-02-21T07:41:36+00:00","og_image":[{"width":720,"height":960,"url":"https:\/\/gruppe.seeberger.de\/wp\/wp-content\/uploads\/2024\/02\/Julia_Herrmann.webp","type":"image\/webp"}],"author":"Pluspol Redakteur","twitter_card":"summary_large_image","twitter_misc":{"Written by":"Pluspol Redakteur","Est. reading time":"3 minutes"},"schema":{"@context":"https:\/\/schema.org","@graph":[{"@type":"Article","@id":"https:\/\/gruppe.seeberger.de\/fr\/blog\/prix-dencouragement-du-pain-de-sucre-dor-2023-pour-notre-collaboratrice-julia-herrmann\/#article","isPartOf":{"@id":"https:\/\/gruppe.seeberger.de\/fr\/blog\/prix-dencouragement-du-pain-de-sucre-dor-2023-pour-notre-collaboratrice-julia-herrmann\/"},"author":{"name":"Pluspol Redakteur","@id":"https:\/\/gruppe.seeberger.de\/fr\/#\/schema\/person\/5e0a65ec56c86b97c646138374eb38d1"},"headline":"Prix d&#8217;encouragement du Pain de Sucre d&#8217;Or 2023 pour notre collaboratrice Julia Herrmann","datePublished":"2023-11-17T10:14:35+00:00","dateModified":"2025-02-21T07:41:36+00:00","mainEntityOfPage":{"@id":"https:\/\/gruppe.seeberger.de\/fr\/blog\/prix-dencouragement-du-pain-de-sucre-dor-2023-pour-notre-collaboratrice-julia-herrmann\/"},"wordCount":607,"publisher":{"@id":"https:\/\/gruppe.seeberger.de\/fr\/#organization"},"image":{"@id":"https:\/\/gruppe.seeberger.de\/fr\/blog\/prix-dencouragement-du-pain-de-sucre-dor-2023-pour-notre-collaboratrice-julia-herrmann\/#primaryimage"},"thumbnailUrl":"https:\/\/gruppe.seeberger.de\/wp\/wp-content\/uploads\/2024\/02\/Julia_Herrmann.webp","articleSection":["Groupe Seeberger"],"inLanguage":"fr-FR"},{"@type":"WebPage","@id":"https:\/\/gruppe.seeberger.de\/fr\/blog\/prix-dencouragement-du-pain-de-sucre-dor-2023-pour-notre-collaboratrice-julia-herrmann\/","url":"https:\/\/gruppe.seeberger.de\/fr\/blog\/prix-dencouragement-du-pain-de-sucre-dor-2023-pour-notre-collaboratrice-julia-herrmann\/","name":"Prix d'encouragement du Pain de Sucre d'Or 2023 pour notre collaboratrice Julia Herrmann - Seeberger Gruppe","isPartOf":{"@id":"https:\/\/gruppe.seeberger.de\/fr\/#website"},"primaryImageOfPage":{"@id":"https:\/\/gruppe.seeberger.de\/fr\/blog\/prix-dencouragement-du-pain-de-sucre-dor-2023-pour-notre-collaboratrice-julia-herrmann\/#primaryimage"},"image":{"@id":"https:\/\/gruppe.seeberger.de\/fr\/blog\/prix-dencouragement-du-pain-de-sucre-dor-2023-pour-notre-collaboratrice-julia-herrmann\/#primaryimage"},"thumbnailUrl":"https:\/\/gruppe.seeberger.de\/wp\/wp-content\/uploads\/2024\/02\/Julia_Herrmann.webp","datePublished":"2023-11-17T10:14:35+00:00","dateModified":"2025-02-21T07:41:36+00:00","description":"%","breadcrumb":{"@id":"https:\/\/gruppe.seeberger.de\/fr\/blog\/prix-dencouragement-du-pain-de-sucre-dor-2023-pour-notre-collaboratrice-julia-herrmann\/#breadcrumb"},"inLanguage":"fr-FR","potentialAction":[{"@type":"ReadAction","target":["https:\/\/gruppe.seeberger.de\/fr\/blog\/prix-dencouragement-du-pain-de-sucre-dor-2023-pour-notre-collaboratrice-julia-herrmann\/"]}]},{"@type":"ImageObject","inLanguage":"fr-FR","@id":"https:\/\/gruppe.seeberger.de\/fr\/blog\/prix-dencouragement-du-pain-de-sucre-dor-2023-pour-notre-collaboratrice-julia-herrmann\/#primaryimage","url":"https:\/\/gruppe.seeberger.de\/wp\/wp-content\/uploads\/2024\/02\/Julia_Herrmann.webp","contentUrl":"https:\/\/gruppe.seeberger.de\/wp\/wp-content\/uploads\/2024\/02\/Julia_Herrmann.webp","width":720,"height":960,"caption":"Mitarbeiterin Julia Herrmann umrahmt von Gesch\u00e4ftsf\u00fchrer Ralph Beranek und Vertriebsleiter Sven Eckartsberg"},{"@type":"BreadcrumbList","@id":"https:\/\/gruppe.seeberger.de\/fr\/blog\/prix-dencouragement-du-pain-de-sucre-dor-2023-pour-notre-collaboratrice-julia-herrmann\/#breadcrumb","itemListElement":[{"@type":"ListItem","position":1,"name":"Home","item":"https:\/\/gruppe.seeberger.de\/fr\/"},{"@type":"ListItem","position":2,"name":"Prix d&#8217;encouragement du Pain de Sucre d&#8217;Or 2023 pour notre collaboratrice Julia Herrmann"}]},{"@type":"WebSite","@id":"https:\/\/gruppe.seeberger.de\/fr\/#website","url":"https:\/\/gruppe.seeberger.de\/fr\/","name":"Seeberger Gruppe Website","description":"Ein Familienunternehmen mit Tradition","publisher":{"@id":"https:\/\/gruppe.seeberger.de\/fr\/#organization"},"alternateName":"Seeberger Gruppe","potentialAction":[{"@type":"SearchAction","target":{"@type":"EntryPoint","urlTemplate":"https:\/\/gruppe.seeberger.de\/fr\/?s={search_term_string}"},"query-input":{"@type":"PropertyValueSpecification","valueRequired":true,"valueName":"search_term_string"}}],"inLanguage":"fr-FR"},{"@type":"Organization","@id":"https:\/\/gruppe.seeberger.de\/fr\/#organization","name":"Seeberger Gruppe","url":"https:\/\/gruppe.seeberger.de\/fr\/","logo":{"@type":"ImageObject","inLanguage":"fr-FR","@id":"https:\/\/gruppe.seeberger.de\/fr\/#\/schema\/logo\/image\/","url":"https:\/\/gruppe.seeberger.de\/wp-content\/uploads\/2024\/03\/seeberger-gruppe-logo.svg","contentUrl":"https:\/\/gruppe.seeberger.de\/wp-content\/uploads\/2024\/03\/seeberger-gruppe-logo.svg","width":224,"height":64,"caption":"Seeberger Gruppe"},"image":{"@id":"https:\/\/gruppe.seeberger.de\/fr\/#\/schema\/logo\/image\/"},"sameAs":["https:\/\/www.facebook.com\/seeberger.de","https:\/\/www.youtube.com\/channel\/UC1ZsMjWjwtYtlymi5VKdRqA","https:\/\/www.instagram.com\/seeberger_1844\/","https:\/\/www.xing.com\/pages\/seebergergmbh","http:\/\/www.linkedin.com\/company\/seeberger"]},{"@type":"Person","@id":"https:\/\/gruppe.seeberger.de\/fr\/#\/schema\/person\/5e0a65ec56c86b97c646138374eb38d1","name":"Pluspol Redakteur"}]}},"_links":{"self":[{"href":"https:\/\/gruppe.seeberger.de\/fr\/wp-json\/wp\/v2\/posts\/1325","targetHints":{"allow":["GET"]}}],"collection":[{"href":"https:\/\/gruppe.seeberger.de\/fr\/wp-json\/wp\/v2\/posts"}],"about":[{"href":"https:\/\/gruppe.seeberger.de\/fr\/wp-json\/wp\/v2\/types\/post"}],"author":[{"embeddable":true,"href":"https:\/\/gruppe.seeberger.de\/fr\/wp-json\/wp\/v2\/users\/7"}],"replies":[{"embeddable":true,"href":"https:\/\/gruppe.seeberger.de\/fr\/wp-json\/wp\/v2\/comments?post=1325"}],"version-history":[{"count":3,"href":"https:\/\/gruppe.seeberger.de\/fr\/wp-json\/wp\/v2\/posts\/1325\/revisions"}],"predecessor-version":[{"id":3957,"href":"https:\/\/gruppe.seeberger.de\/fr\/wp-json\/wp\/v2\/posts\/1325\/revisions\/3957"}],"wp:featuredmedia":[{"embeddable":true,"href":"https:\/\/gruppe.seeberger.de\/fr\/wp-json\/wp\/v2\/media\/662"}],"wp:attachment":[{"href":"https:\/\/gruppe.seeberger.de\/fr\/wp-json\/wp\/v2\/media?parent=1325"}],"wp:term":[{"taxonomy":"category","embeddable":true,"href":"https:\/\/gruppe.seeberger.de\/fr\/wp-json\/wp\/v2\/categories?post=1325"},{"taxonomy":"post_tag","embeddable":true,"href":"https:\/\/gruppe.seeberger.de\/fr\/wp-json\/wp\/v2\/tags?post=1325"}],"curies":[{"name":"wp","href":"https:\/\/api.w.org\/{rel}","templated":true}]}}