{"id":1333,"date":"2023-05-25T15:36:00","date_gmt":"2023-05-25T13:36:00","guid":{"rendered":"https:\/\/gruppe.seeberger.de\/blog\/nouvelles-decouvertes-dans-le-projet-de-recherche-bioval\/"},"modified":"2024-04-26T13:03:58","modified_gmt":"2024-04-26T11:03:58","slug":"nouvelles-decouvertes-dans-le-projet-de-recherche-bioval","status":"publish","type":"post","link":"https:\/\/gruppe.seeberger.de\/fr\/blog\/nouvelles-decouvertes-dans-le-projet-de-recherche-bioval\/","title":{"rendered":"Nouvelles d\u00e9couvertes dans le projet de recherche BioVal"},"content":{"rendered":"<div class=\"wpb-content-wrapper\">[vc_row ppi_content_type=&#8221;ppi_content_width_medium&#8221;][vc_column][vc_column_text]\r\n<h1 style=\"text-align: center;\">Nouvelles d\u00e9couvertes dans le projet de recherche BioVal<\/h1>\r\n[\/vc_column_text]<div class=\"see_image \"><figure><img loading=\"lazy\" decoding=\"async\" width=\"1200\" height=\"900\" src=\"https:\/\/gruppe.seeberger.de\/wp\/wp-content\/uploads\/2023\/05\/Seeberger_Mandelplantage_Biodiversitaet-1200x900.webp\" class=\"attachment-see-lg size-see-lg\" alt=\"Ast mit Bl\u00fcten und Biene\" srcset=\"https:\/\/gruppe.seeberger.de\/wp\/wp-content\/uploads\/2023\/05\/Seeberger_Mandelplantage_Biodiversitaet-1200x900.webp 1200w, https:\/\/gruppe.seeberger.de\/wp\/wp-content\/uploads\/2023\/05\/Seeberger_Mandelplantage_Biodiversitaet-300x225.webp 300w, https:\/\/gruppe.seeberger.de\/wp\/wp-content\/uploads\/2023\/05\/Seeberger_Mandelplantage_Biodiversitaet-1024x768.webp 1024w, https:\/\/gruppe.seeberger.de\/wp\/wp-content\/uploads\/2023\/05\/Seeberger_Mandelplantage_Biodiversitaet-768x576.webp 768w, https:\/\/gruppe.seeberger.de\/wp\/wp-content\/uploads\/2023\/05\/Seeberger_Mandelplantage_Biodiversitaet-1920x1440.webp 1920w, https:\/\/gruppe.seeberger.de\/wp\/wp-content\/uploads\/2023\/05\/Seeberger_Mandelplantage_Biodiversitaet-992x744.webp 992w, https:\/\/gruppe.seeberger.de\/wp\/wp-content\/uploads\/2023\/05\/Seeberger_Mandelplantage_Biodiversitaet-480x360.webp 480w\" sizes=\"auto, (max-width: 1200px) 100vw, 1200px\" \/><\/figure><\/div>[vc_column_text]Dans le cadre du projet de recherche BioVal, dont nous sommes un partenaire actif depuis 2022, nous avons r\u00e9cemment organis\u00e9 un groupe de discussion avec des consommateurs.\n\nL&#8217;objectif \u00e9tait d&#8217;\u00e9valuer les besoins des consommateurs en mati\u00e8re d&#8217;information sur la biodiversit\u00e9 lors de l&#8217;achat de produits alimentaires.\n\nLe <strong>contenu essentiel<\/strong> de la discussion du groupe de discussion \u00e9tait le suivant :\n<ul>\n \t<li>Exp\u00e9riences pass\u00e9es en mati\u00e8re d&#8217;achats alimentaires avec des produits \u00e9tiquet\u00e9s biodiversit\u00e9<\/li>\n \t<li>\u00c9valuation d&#8217;une s\u00e9lection d&#8217;exemples<\/li>\n \t<li>Importance de la protection de la biodiversit\u00e9 pour diff\u00e9rents groupes de produits ou de marchandises<\/li>\n \t<li>Besoin d&#8217;informations sur les mesures prises par les fabricants de produits alimentaires<\/li>\n<\/ul>\nLes <strong>principaux r\u00e9sultats<\/strong> de la discussion peuvent \u00eatre r\u00e9sum\u00e9s comme suit :\n<ul>\n \t<li>Les consommateurs participant \u00e0 l&#8217;enqu\u00eate n&#8217;ont <em>gu\u00e8re<\/em> <em>remarqu\u00e9<\/em> d <em>&#8216;indications<\/em> sur la biodiversit\u00e9 lors de leurs achats alimentaires dans les supermarch\u00e9s ou les march\u00e9s bio.<\/li>\n \t<li>Lors de l&#8217;achat, la protection de la biodiversit\u00e9 est surtout associ\u00e9e <em>aux aliments<\/em>, associations et labels <em>bio<\/em> <em>; des<\/em>r\u00e9f\u00e9rences \u00e0 des produits de coop\u00e9ration avec des organisations de protection de la nature et de l&#8217;environnement ont \u00e9t\u00e9 per\u00e7ues de mani\u00e8re <em>isol\u00e9e<\/em>.<\/li>\n \t<li>Un <em>lien<\/em> est parfois \u00e9tabli <em>avec d&#8217;autres aspects li\u00e9s au d\u00e9veloppement durable<\/em> (par ex. emballage pr\u00e9servant les ressources).<\/li>\n<\/ul>\nLes participants \u00e0 la table ronde ne sont <em>pas s\u00fbrs<\/em>&#8230;\n<ul>\n \t<li>&#8230;ce qu&#8217;implique la protection des esp\u00e8ces<\/li>\n \t<li>&#8230;quelles mesures sont efficaces<\/li>\n \t<li>&#8230;si les produits bio sont fondamentalement plus respectueux de la biodiversit\u00e9 que les produits conventionnels<\/li>\n<\/ul>\nEn r\u00e9sum\u00e9, les labels <strong>connus <\/strong>(et \u00e9ventuellement leur combinaison avec des labels inconnus) sont <strong>les plus cr\u00e9dibles<\/strong> pour les consommateurs interrog\u00e9s. <strong>Les exemples de projets concrets avec des d\u00e9tails<\/strong> sont \u00e9galement bien accueillis. <strong>Des informations courtes et concises <\/strong> sont souhait\u00e9es (de pr\u00e9f\u00e9rence sur le produit) sur des <strong>mesures concr\u00e8tes et une r\u00e9f\u00e9rence <\/strong>(site web, code QR) <strong>pour plus d&#8217;informations et de d\u00e9tails<\/strong>. Il y a aussi le d\u00e9sir de d\u00e9couvrir quelque chose d&#8217;int\u00e9ressant et d&#8217;apprendre quelque chose gr\u00e2ce aux informations.\n\nLa discussion en groupe de discussion donne des indications importantes pour la communication du sujet aux consommateurs. Elle a \u00e9t\u00e9 r\u00e9alis\u00e9e en pr\u00e9paration d&#8217;une enqu\u00eate repr\u00e9sentative \u00e0 l&#8217;\u00e9chelle nationale. L&#8217;\u00e9tude, pr\u00e9vue pour l&#8217;automne 2023, vise \u00e0 d\u00e9terminer dans quelle mesure les r\u00e9f\u00e9rences \u00e0 la protection de la biodiversit\u00e9 sur le produit augmentent la volont\u00e9 d&#8217;achat et de paiement des consommateurs. Pour ce faire, environ 1.000 personnes \u00e2g\u00e9es de 18 \u00e0 75 ans seront interrog\u00e9es en ligne.\n\nPour plus d&#8217;informations sur l&#8217;engagement de Seeberger dans notre domaine d&#8217;action de durabilit\u00e9 &#8220;Responsabilit\u00e9 de la cha\u00eene d&#8217;approvisionnement&#8221;, cliquez ici :\n\n<a class=\"button button--outline--primary\" href=\"https:\/\/gruppe.seeberger.de\/de\/unternehmen\/verantwortung-philosophie\/nachhaltigkeit\/lieferketten-verantwortung\">Champ d&#8217;action de la responsabilit\u00e9 de la cha\u00eene d&#8217;approvisionnement l Seeberger GmbH<\/a>\n\nLes d\u00e9tails du projet de recherche sont disponibles ici :\n\n<a class=\"button button--outline--primary\" href=\"https:\/\/bio-val.de\/\">BioVal &#8211; Valorisation et \u00e9valuation de la biodiversit\u00e9<\/a>[\/vc_column_text][\/vc_column][\/vc_row]<\/div>","protected":false},"excerpt":{"rendered":"Dans le cadre du projet de recherche BioVal, un groupe de discussion a r\u00e9cemment \u00e9t\u00e9 mis en place avec des consommateurs. Voici les nouvelles conclusions.","protected":false},"author":7,"featured_media":161,"comment_status":"closed","ping_status":"open","sticky":false,"template":"","format":"standard","meta":{"_acf_changed":false,"inline_featured_image":false,"footnotes":""},"categories":[49,29,32],"tags":[],"class_list":["post-1333","post","type-post","status-publish","format-standard","has-post-thumbnail","hentry","category-chaine-dapprovisionnement","category-durabilite","category-presse-fr"],"acf":[],"yoast_head":"<!-- This site is optimized with the Yoast SEO plugin v27.2 - https:\/\/yoast.com\/product\/yoast-seo-wordpress\/ -->\n<title>Nouvelles d\u00e9couvertes dans le projet de recherche BioVal - Seeberger Gruppe<\/title>\n<meta name=\"description\" content=\"%\" \/>\n<meta name=\"robots\" content=\"index, follow, max-snippet:-1, max-image-preview:large, max-video-preview:-1\" \/>\n<link rel=\"canonical\" href=\"https:\/\/gruppe.seeberger.de\/fr\/blog\/nouvelles-decouvertes-dans-le-projet-de-recherche-bioval\/\" \/>\n<meta property=\"og:locale\" content=\"fr_FR\" \/>\n<meta property=\"og:type\" content=\"article\" \/>\n<meta property=\"og:title\" content=\"Nouvelles d\u00e9couvertes dans le projet de recherche BioVal - Seeberger Gruppe\" \/>\n<meta property=\"og:description\" content=\"%\" \/>\n<meta property=\"og:url\" content=\"https:\/\/gruppe.seeberger.de\/fr\/blog\/nouvelles-decouvertes-dans-le-projet-de-recherche-bioval\/\" \/>\n<meta property=\"og:site_name\" content=\"Seeberger Gruppe\" \/>\n<meta property=\"article:publisher\" content=\"https:\/\/www.facebook.com\/seeberger.de\" \/>\n<meta property=\"article:published_time\" content=\"2023-05-25T13:36:00+00:00\" \/>\n<meta property=\"article:modified_time\" content=\"2024-04-26T11:03:58+00:00\" \/>\n<meta property=\"og:image\" content=\"https:\/\/gruppe.seeberger.de\/wp-content\/uploads\/2022\/12\/Seeberger_Mandelplantage_Biodiversitaet.jpg\" \/>\n\t<meta property=\"og:image:width\" content=\"2000\" \/>\n\t<meta property=\"og:image:height\" content=\"1500\" \/>\n\t<meta property=\"og:image:type\" content=\"image\/jpeg\" \/>\n<meta name=\"author\" content=\"Pluspol Redakteur\" \/>\n<meta name=\"twitter:card\" content=\"summary_large_image\" \/>\n<meta name=\"twitter:label1\" content=\"Written by\" \/>\n\t<meta name=\"twitter:data1\" content=\"Pluspol Redakteur\" \/>\n\t<meta name=\"twitter:label2\" content=\"Est. reading time\" \/>\n\t<meta name=\"twitter:data2\" content=\"3 minutes\" \/>\n<script type=\"application\/ld+json\" class=\"yoast-schema-graph\">{\"@context\":\"https:\/\/schema.org\",\"@graph\":[{\"@type\":\"Article\",\"@id\":\"https:\/\/gruppe.seeberger.de\/fr\/blog\/nouvelles-decouvertes-dans-le-projet-de-recherche-bioval\/#article\",\"isPartOf\":{\"@id\":\"https:\/\/gruppe.seeberger.de\/fr\/blog\/nouvelles-decouvertes-dans-le-projet-de-recherche-bioval\/\"},\"author\":{\"name\":\"Pluspol Redakteur\",\"@id\":\"https:\/\/gruppe.seeberger.de\/fr\/#\/schema\/person\/5e0a65ec56c86b97c646138374eb38d1\"},\"headline\":\"Nouvelles d\u00e9couvertes dans le projet de recherche BioVal\",\"datePublished\":\"2023-05-25T13:36:00+00:00\",\"dateModified\":\"2024-04-26T11:03:58+00:00\",\"mainEntityOfPage\":{\"@id\":\"https:\/\/gruppe.seeberger.de\/fr\/blog\/nouvelles-decouvertes-dans-le-projet-de-recherche-bioval\/\"},\"wordCount\":555,\"publisher\":{\"@id\":\"https:\/\/gruppe.seeberger.de\/fr\/#organization\"},\"image\":{\"@id\":\"https:\/\/gruppe.seeberger.de\/fr\/blog\/nouvelles-decouvertes-dans-le-projet-de-recherche-bioval\/#primaryimage\"},\"thumbnailUrl\":\"https:\/\/gruppe.seeberger.de\/wp\/wp-content\/uploads\/2022\/12\/Seeberger_Mandelplantage_Biodiversitaet.jpg\",\"articleSection\":[\"Cha\u00eene d\u2019approvisionnement\",\"Durabilit\u00e9\",\"Presse\"],\"inLanguage\":\"fr-FR\"},{\"@type\":\"WebPage\",\"@id\":\"https:\/\/gruppe.seeberger.de\/fr\/blog\/nouvelles-decouvertes-dans-le-projet-de-recherche-bioval\/\",\"url\":\"https:\/\/gruppe.seeberger.de\/fr\/blog\/nouvelles-decouvertes-dans-le-projet-de-recherche-bioval\/\",\"name\":\"Nouvelles d\u00e9couvertes dans le projet de recherche BioVal - Seeberger Gruppe\",\"isPartOf\":{\"@id\":\"https:\/\/gruppe.seeberger.de\/fr\/#website\"},\"primaryImageOfPage\":{\"@id\":\"https:\/\/gruppe.seeberger.de\/fr\/blog\/nouvelles-decouvertes-dans-le-projet-de-recherche-bioval\/#primaryimage\"},\"image\":{\"@id\":\"https:\/\/gruppe.seeberger.de\/fr\/blog\/nouvelles-decouvertes-dans-le-projet-de-recherche-bioval\/#primaryimage\"},\"thumbnailUrl\":\"https:\/\/gruppe.seeberger.de\/wp\/wp-content\/uploads\/2022\/12\/Seeberger_Mandelplantage_Biodiversitaet.jpg\",\"datePublished\":\"2023-05-25T13:36:00+00:00\",\"dateModified\":\"2024-04-26T11:03:58+00:00\",\"description\":\"%\",\"breadcrumb\":{\"@id\":\"https:\/\/gruppe.seeberger.de\/fr\/blog\/nouvelles-decouvertes-dans-le-projet-de-recherche-bioval\/#breadcrumb\"},\"inLanguage\":\"fr-FR\",\"potentialAction\":[{\"@type\":\"ReadAction\",\"target\":[\"https:\/\/gruppe.seeberger.de\/fr\/blog\/nouvelles-decouvertes-dans-le-projet-de-recherche-bioval\/\"]}]},{\"@type\":\"ImageObject\",\"inLanguage\":\"fr-FR\",\"@id\":\"https:\/\/gruppe.seeberger.de\/fr\/blog\/nouvelles-decouvertes-dans-le-projet-de-recherche-bioval\/#primaryimage\",\"url\":\"https:\/\/gruppe.seeberger.de\/wp\/wp-content\/uploads\/2022\/12\/Seeberger_Mandelplantage_Biodiversitaet.jpg\",\"contentUrl\":\"https:\/\/gruppe.seeberger.de\/wp\/wp-content\/uploads\/2022\/12\/Seeberger_Mandelplantage_Biodiversitaet.jpg\",\"width\":2000,\"height\":1500,\"caption\":\"Ast mit Bl\u00fcten und Biene\"},{\"@type\":\"BreadcrumbList\",\"@id\":\"https:\/\/gruppe.seeberger.de\/fr\/blog\/nouvelles-decouvertes-dans-le-projet-de-recherche-bioval\/#breadcrumb\",\"itemListElement\":[{\"@type\":\"ListItem\",\"position\":1,\"name\":\"Home\",\"item\":\"https:\/\/gruppe.seeberger.de\/fr\/\"},{\"@type\":\"ListItem\",\"position\":2,\"name\":\"Nouvelles d\u00e9couvertes dans le projet de recherche BioVal\"}]},{\"@type\":\"WebSite\",\"@id\":\"https:\/\/gruppe.seeberger.de\/fr\/#website\",\"url\":\"https:\/\/gruppe.seeberger.de\/fr\/\",\"name\":\"Seeberger Gruppe Website\",\"description\":\"Ein Familienunternehmen mit Tradition\",\"publisher\":{\"@id\":\"https:\/\/gruppe.seeberger.de\/fr\/#organization\"},\"alternateName\":\"Seeberger Gruppe\",\"potentialAction\":[{\"@type\":\"SearchAction\",\"target\":{\"@type\":\"EntryPoint\",\"urlTemplate\":\"https:\/\/gruppe.seeberger.de\/fr\/?s={search_term_string}\"},\"query-input\":{\"@type\":\"PropertyValueSpecification\",\"valueRequired\":true,\"valueName\":\"search_term_string\"}}],\"inLanguage\":\"fr-FR\"},{\"@type\":\"Organization\",\"@id\":\"https:\/\/gruppe.seeberger.de\/fr\/#organization\",\"name\":\"Seeberger Gruppe\",\"url\":\"https:\/\/gruppe.seeberger.de\/fr\/\",\"logo\":{\"@type\":\"ImageObject\",\"inLanguage\":\"fr-FR\",\"@id\":\"https:\/\/gruppe.seeberger.de\/fr\/#\/schema\/logo\/image\/\",\"url\":\"https:\/\/gruppe.seeberger.de\/wp-content\/uploads\/2024\/03\/seeberger-gruppe-logo.svg\",\"contentUrl\":\"https:\/\/gruppe.seeberger.de\/wp-content\/uploads\/2024\/03\/seeberger-gruppe-logo.svg\",\"width\":224,\"height\":64,\"caption\":\"Seeberger Gruppe\"},\"image\":{\"@id\":\"https:\/\/gruppe.seeberger.de\/fr\/#\/schema\/logo\/image\/\"},\"sameAs\":[\"https:\/\/www.facebook.com\/seeberger.de\",\"https:\/\/www.youtube.com\/channel\/UC1ZsMjWjwtYtlymi5VKdRqA\",\"https:\/\/www.instagram.com\/seeberger_1844\/\",\"https:\/\/www.xing.com\/pages\/seebergergmbh\",\"http:\/\/www.linkedin.com\/company\/seeberger\"]},{\"@type\":\"Person\",\"@id\":\"https:\/\/gruppe.seeberger.de\/fr\/#\/schema\/person\/5e0a65ec56c86b97c646138374eb38d1\",\"name\":\"Pluspol Redakteur\"}]}<\/script>\n<!-- \/ Yoast SEO plugin. -->","yoast_head_json":{"title":"Nouvelles d\u00e9couvertes dans le projet de recherche BioVal - Seeberger Gruppe","description":"%","robots":{"index":"index","follow":"follow","max-snippet":"max-snippet:-1","max-image-preview":"max-image-preview:large","max-video-preview":"max-video-preview:-1"},"canonical":"https:\/\/gruppe.seeberger.de\/fr\/blog\/nouvelles-decouvertes-dans-le-projet-de-recherche-bioval\/","og_locale":"fr_FR","og_type":"article","og_title":"Nouvelles d\u00e9couvertes dans le projet de recherche BioVal - Seeberger Gruppe","og_description":"%","og_url":"https:\/\/gruppe.seeberger.de\/fr\/blog\/nouvelles-decouvertes-dans-le-projet-de-recherche-bioval\/","og_site_name":"Seeberger Gruppe","article_publisher":"https:\/\/www.facebook.com\/seeberger.de","article_published_time":"2023-05-25T13:36:00+00:00","article_modified_time":"2024-04-26T11:03:58+00:00","og_image":[{"width":2000,"height":1500,"url":"https:\/\/gruppe.seeberger.de\/wp-content\/uploads\/2022\/12\/Seeberger_Mandelplantage_Biodiversitaet.jpg","type":"image\/jpeg"}],"author":"Pluspol Redakteur","twitter_card":"summary_large_image","twitter_misc":{"Written by":"Pluspol Redakteur","Est. reading time":"3 minutes"},"schema":{"@context":"https:\/\/schema.org","@graph":[{"@type":"Article","@id":"https:\/\/gruppe.seeberger.de\/fr\/blog\/nouvelles-decouvertes-dans-le-projet-de-recherche-bioval\/#article","isPartOf":{"@id":"https:\/\/gruppe.seeberger.de\/fr\/blog\/nouvelles-decouvertes-dans-le-projet-de-recherche-bioval\/"},"author":{"name":"Pluspol Redakteur","@id":"https:\/\/gruppe.seeberger.de\/fr\/#\/schema\/person\/5e0a65ec56c86b97c646138374eb38d1"},"headline":"Nouvelles d\u00e9couvertes dans le projet de recherche BioVal","datePublished":"2023-05-25T13:36:00+00:00","dateModified":"2024-04-26T11:03:58+00:00","mainEntityOfPage":{"@id":"https:\/\/gruppe.seeberger.de\/fr\/blog\/nouvelles-decouvertes-dans-le-projet-de-recherche-bioval\/"},"wordCount":555,"publisher":{"@id":"https:\/\/gruppe.seeberger.de\/fr\/#organization"},"image":{"@id":"https:\/\/gruppe.seeberger.de\/fr\/blog\/nouvelles-decouvertes-dans-le-projet-de-recherche-bioval\/#primaryimage"},"thumbnailUrl":"https:\/\/gruppe.seeberger.de\/wp\/wp-content\/uploads\/2022\/12\/Seeberger_Mandelplantage_Biodiversitaet.jpg","articleSection":["Cha\u00eene d\u2019approvisionnement","Durabilit\u00e9","Presse"],"inLanguage":"fr-FR"},{"@type":"WebPage","@id":"https:\/\/gruppe.seeberger.de\/fr\/blog\/nouvelles-decouvertes-dans-le-projet-de-recherche-bioval\/","url":"https:\/\/gruppe.seeberger.de\/fr\/blog\/nouvelles-decouvertes-dans-le-projet-de-recherche-bioval\/","name":"Nouvelles d\u00e9couvertes dans le projet de recherche BioVal - Seeberger Gruppe","isPartOf":{"@id":"https:\/\/gruppe.seeberger.de\/fr\/#website"},"primaryImageOfPage":{"@id":"https:\/\/gruppe.seeberger.de\/fr\/blog\/nouvelles-decouvertes-dans-le-projet-de-recherche-bioval\/#primaryimage"},"image":{"@id":"https:\/\/gruppe.seeberger.de\/fr\/blog\/nouvelles-decouvertes-dans-le-projet-de-recherche-bioval\/#primaryimage"},"thumbnailUrl":"https:\/\/gruppe.seeberger.de\/wp\/wp-content\/uploads\/2022\/12\/Seeberger_Mandelplantage_Biodiversitaet.jpg","datePublished":"2023-05-25T13:36:00+00:00","dateModified":"2024-04-26T11:03:58+00:00","description":"%","breadcrumb":{"@id":"https:\/\/gruppe.seeberger.de\/fr\/blog\/nouvelles-decouvertes-dans-le-projet-de-recherche-bioval\/#breadcrumb"},"inLanguage":"fr-FR","potentialAction":[{"@type":"ReadAction","target":["https:\/\/gruppe.seeberger.de\/fr\/blog\/nouvelles-decouvertes-dans-le-projet-de-recherche-bioval\/"]}]},{"@type":"ImageObject","inLanguage":"fr-FR","@id":"https:\/\/gruppe.seeberger.de\/fr\/blog\/nouvelles-decouvertes-dans-le-projet-de-recherche-bioval\/#primaryimage","url":"https:\/\/gruppe.seeberger.de\/wp\/wp-content\/uploads\/2022\/12\/Seeberger_Mandelplantage_Biodiversitaet.jpg","contentUrl":"https:\/\/gruppe.seeberger.de\/wp\/wp-content\/uploads\/2022\/12\/Seeberger_Mandelplantage_Biodiversitaet.jpg","width":2000,"height":1500,"caption":"Ast mit Bl\u00fcten und Biene"},{"@type":"BreadcrumbList","@id":"https:\/\/gruppe.seeberger.de\/fr\/blog\/nouvelles-decouvertes-dans-le-projet-de-recherche-bioval\/#breadcrumb","itemListElement":[{"@type":"ListItem","position":1,"name":"Home","item":"https:\/\/gruppe.seeberger.de\/fr\/"},{"@type":"ListItem","position":2,"name":"Nouvelles d\u00e9couvertes dans le projet de recherche BioVal"}]},{"@type":"WebSite","@id":"https:\/\/gruppe.seeberger.de\/fr\/#website","url":"https:\/\/gruppe.seeberger.de\/fr\/","name":"Seeberger Gruppe Website","description":"Ein Familienunternehmen mit Tradition","publisher":{"@id":"https:\/\/gruppe.seeberger.de\/fr\/#organization"},"alternateName":"Seeberger Gruppe","potentialAction":[{"@type":"SearchAction","target":{"@type":"EntryPoint","urlTemplate":"https:\/\/gruppe.seeberger.de\/fr\/?s={search_term_string}"},"query-input":{"@type":"PropertyValueSpecification","valueRequired":true,"valueName":"search_term_string"}}],"inLanguage":"fr-FR"},{"@type":"Organization","@id":"https:\/\/gruppe.seeberger.de\/fr\/#organization","name":"Seeberger Gruppe","url":"https:\/\/gruppe.seeberger.de\/fr\/","logo":{"@type":"ImageObject","inLanguage":"fr-FR","@id":"https:\/\/gruppe.seeberger.de\/fr\/#\/schema\/logo\/image\/","url":"https:\/\/gruppe.seeberger.de\/wp-content\/uploads\/2024\/03\/seeberger-gruppe-logo.svg","contentUrl":"https:\/\/gruppe.seeberger.de\/wp-content\/uploads\/2024\/03\/seeberger-gruppe-logo.svg","width":224,"height":64,"caption":"Seeberger Gruppe"},"image":{"@id":"https:\/\/gruppe.seeberger.de\/fr\/#\/schema\/logo\/image\/"},"sameAs":["https:\/\/www.facebook.com\/seeberger.de","https:\/\/www.youtube.com\/channel\/UC1ZsMjWjwtYtlymi5VKdRqA","https:\/\/www.instagram.com\/seeberger_1844\/","https:\/\/www.xing.com\/pages\/seebergergmbh","http:\/\/www.linkedin.com\/company\/seeberger"]},{"@type":"Person","@id":"https:\/\/gruppe.seeberger.de\/fr\/#\/schema\/person\/5e0a65ec56c86b97c646138374eb38d1","name":"Pluspol Redakteur"}]}},"_links":{"self":[{"href":"https:\/\/gruppe.seeberger.de\/fr\/wp-json\/wp\/v2\/posts\/1333","targetHints":{"allow":["GET"]}}],"collection":[{"href":"https:\/\/gruppe.seeberger.de\/fr\/wp-json\/wp\/v2\/posts"}],"about":[{"href":"https:\/\/gruppe.seeberger.de\/fr\/wp-json\/wp\/v2\/types\/post"}],"author":[{"embeddable":true,"href":"https:\/\/gruppe.seeberger.de\/fr\/wp-json\/wp\/v2\/users\/7"}],"replies":[{"embeddable":true,"href":"https:\/\/gruppe.seeberger.de\/fr\/wp-json\/wp\/v2\/comments?post=1333"}],"version-history":[{"count":1,"href":"https:\/\/gruppe.seeberger.de\/fr\/wp-json\/wp\/v2\/posts\/1333\/revisions"}],"predecessor-version":[{"id":1336,"href":"https:\/\/gruppe.seeberger.de\/fr\/wp-json\/wp\/v2\/posts\/1333\/revisions\/1336"}],"wp:featuredmedia":[{"embeddable":true,"href":"https:\/\/gruppe.seeberger.de\/fr\/wp-json\/wp\/v2\/media\/161"}],"wp:attachment":[{"href":"https:\/\/gruppe.seeberger.de\/fr\/wp-json\/wp\/v2\/media?parent=1333"}],"wp:term":[{"taxonomy":"category","embeddable":true,"href":"https:\/\/gruppe.seeberger.de\/fr\/wp-json\/wp\/v2\/categories?post=1333"},{"taxonomy":"post_tag","embeddable":true,"href":"https:\/\/gruppe.seeberger.de\/fr\/wp-json\/wp\/v2\/tags?post=1333"}],"curies":[{"name":"wp","href":"https:\/\/api.w.org\/{rel}","templated":true}]}}