{"id":3942,"date":"2024-10-09T09:06:42","date_gmt":"2024-10-09T07:06:42","guid":{"rendered":"https:\/\/gruppe.seeberger.de\/blog\/extension-de-la-logistique-par-la-construction-dun-nouvel-entrepot-a-hauts-rayonnages\/"},"modified":"2024-10-10T08:35:52","modified_gmt":"2024-10-10T06:35:52","slug":"extension-de-la-logistique-par-la-construction-dun-nouvel-entrepot-a-hauts-rayonnages","status":"publish","type":"post","link":"https:\/\/gruppe.seeberger.de\/fr\/blog\/extension-de-la-logistique-par-la-construction-dun-nouvel-entrepot-a-hauts-rayonnages\/","title":{"rendered":"Extension de la logistique par la construction d&#8217;un nouvel entrep\u00f4t \u00e0 hauts rayonnages"},"content":{"rendered":"<div class=\"wpb-content-wrapper\">[vc_row ppi_content_type=&#8221;ppi_content_width_medium&#8221;][vc_column][vc_column_text]\r\n<h1 class=\"h1 magazine-detailHeadline\" style=\"text-align: center;\">Extension de la logistique par la construction d&#8217;un nouvel entrep\u00f4t \u00e0 hauts rayonnages<\/h1>\r\n[\/vc_column_text][vc_column_text]Seeberger augmente ses capacit\u00e9s avec un entrep\u00f4t de stockage en hauteur suppl\u00e9mentaire et une extension de la logistique interne existante, afin de pouvoir r\u00e9pondre efficacement \u00e0 la demande croissante \u00e0 l&#8217;avenir \u00e9galement. Le premier coup de pioche a \u00e9t\u00e9 donn\u00e9 le 8 octobre 2024 en pr\u00e9sence du maire d&#8217;Ulm, Martin Ansbacher, et de repr\u00e9sentants des partenaires principaux, la soci\u00e9t\u00e9 Schmid et la soci\u00e9t\u00e9 Swisslog. L&#8217;ach\u00e8vement des travaux est pr\u00e9vu pour le printemps 2026.[\/vc_column_text]<div class=\"see_image \"><figure><img loading=\"lazy\" decoding=\"async\" width=\"1200\" height=\"771\" src=\"https:\/\/gruppe.seeberger.de\/wp\/wp-content\/uploads\/2024\/10\/Spatenstich-Seeberger-1200x771.jpg\" class=\"attachment-see-lg size-see-lg\" alt=\"Sechs Personen mit Helmen heben Sand mit Schaufeln auf einer Baustelle vor einem gr\u00fcnem Zaun.\" srcset=\"https:\/\/gruppe.seeberger.de\/wp\/wp-content\/uploads\/2024\/10\/Spatenstich-Seeberger-1200x771.jpg 1200w, https:\/\/gruppe.seeberger.de\/wp\/wp-content\/uploads\/2024\/10\/Spatenstich-Seeberger-300x193.jpg 300w, https:\/\/gruppe.seeberger.de\/wp\/wp-content\/uploads\/2024\/10\/Spatenstich-Seeberger-1024x658.jpg 1024w, https:\/\/gruppe.seeberger.de\/wp\/wp-content\/uploads\/2024\/10\/Spatenstich-Seeberger-768x493.jpg 768w, https:\/\/gruppe.seeberger.de\/wp\/wp-content\/uploads\/2024\/10\/Spatenstich-Seeberger-1920x1233.jpg 1920w, https:\/\/gruppe.seeberger.de\/wp\/wp-content\/uploads\/2024\/10\/Spatenstich-Seeberger-992x637.jpg 992w, https:\/\/gruppe.seeberger.de\/wp\/wp-content\/uploads\/2024\/10\/Spatenstich-Seeberger-480x308.jpg 480w\" sizes=\"auto, (max-width: 1200px) 100vw, 1200px\" \/><\/figure><small class=\"see_image__description\">von links: Fridolin Schmid (Fa. Schmid), Oberb\u00fcrgermeister Martin Ansbacher, Alexandra Keller, Clemens Keller und Dr. Julius Rohm (Seeberger) sowie J\u00fcrgen B\u00e4umle (Fa. Swisslog)<\/small><\/div>[vc_column_text]En 2023, ann\u00e9e extr\u00eamement difficile, Seeberger a r\u00e9ussi \u00e0 augmenter son chiffre d&#8217;affaires d&#8217;environ 7% gr\u00e2ce \u00e0 ses snacks naturels tels que les noix et les fruits secs ainsi que le caf\u00e9, et pr\u00e9voit une croissance similaire en 2024 pour atteindre environ 335 millions d&#8217;euros. &#8220;Afin de poursuivre notre strat\u00e9gie de croissance \u00e0 long terme, tant sur le march\u00e9 allemand que sur le march\u00e9 international, nous continuons \u00e0 investir dans des processus performants et efficaces vers nos clients&#8221;, a d\u00e9clar\u00e9 Clemens Keller, l&#8217;associ\u00e9 g\u00e9rant de Seeberger. &#8220;Nous osons faire cet investissement malgr\u00e9 les grands d\u00e9fis actuels. L&#8217;inflation des co\u00fbts et la hausse continue des prix des mati\u00e8res premi\u00e8res nous donnent du fil \u00e0 retordre et p\u00e8sent \u00e9norm\u00e9ment sur nos r\u00e9sultats&#8221;. Avec une longueur de 90 m, une largeur de 21 m et une hauteur de 45 m, le nouvel entrep\u00f4t \u00e0 hauts rayonnages offrira alors de la place pour environ 20.000 emplacements de palettes et devrait \u00eatre op\u00e9rationnel d\u00e8s le printemps 2026. L&#8217;entrep\u00f4t sera annex\u00e9 \u00e0 la zone logistique existante au nord-est du site de l&#8217;entreprise afin de garantir un flux de marchandises optimal, m\u00eame en cas d&#8217;augmentation des mouvements de marchandises due \u00e0 la croissance pr\u00e9vue. Le nouveau rev\u00eatement de la fa\u00e7ade garantit une temp\u00e9rature stable \u00e0 l&#8217;int\u00e9rieur de l&#8217;entrep\u00f4t, \u00e9t\u00e9 comme hiver. L&#8217;entrep\u00f4t de produits naturels emball\u00e9s de haute qualit\u00e9 n&#8217;a donc pas besoin d&#8217;\u00eatre activement refroidi. Dans le cadre de son ambitieuse strat\u00e9gie de d\u00e9veloppement durable, l&#8217;installation de panneaux photovolta\u00efques sur le nouveau b\u00e2timent ajoute environ 1 m\u00e9gawatt (cr\u00eate) de puissance aux surfaces photovolta\u00efques d\u00e9j\u00e0 install\u00e9es sur les b\u00e2timents existants. Cela permettra \u00e0 Seeberger de couvrir environ 40% de ses besoins en \u00e9lectricit\u00e9 par sa propre production \u00e0 partir de 2026. Le volume d&#8217;investissement pour l&#8217;ensemble du projet s&#8217;\u00e9l\u00e8ve \u00e0 environ 20 millions d&#8217;euros pour une dur\u00e9e de construction d&#8217;un an et demi.[\/vc_column_text]<div class=\"see_image \"><figure><img loading=\"lazy\" decoding=\"async\" width=\"1200\" height=\"900\" src=\"https:\/\/gruppe.seeberger.de\/wp\/wp-content\/uploads\/2024\/10\/HRL5-Seeberger_Baufeld-1200x900.jpg\" class=\"attachment-see-lg size-see-lg\" alt=\"Seeberger Geb\u00e4ude in einem Industriegebiet neben einer Baustelle mit Kr\u00e4nen.\" srcset=\"https:\/\/gruppe.seeberger.de\/wp\/wp-content\/uploads\/2024\/10\/HRL5-Seeberger_Baufeld-1200x900.jpg 1200w, https:\/\/gruppe.seeberger.de\/wp\/wp-content\/uploads\/2024\/10\/HRL5-Seeberger_Baufeld-300x225.jpg 300w, https:\/\/gruppe.seeberger.de\/wp\/wp-content\/uploads\/2024\/10\/HRL5-Seeberger_Baufeld-1024x768.jpg 1024w, https:\/\/gruppe.seeberger.de\/wp\/wp-content\/uploads\/2024\/10\/HRL5-Seeberger_Baufeld-768x576.jpg 768w, https:\/\/gruppe.seeberger.de\/wp\/wp-content\/uploads\/2024\/10\/HRL5-Seeberger_Baufeld-1920x1440.jpg 1920w, https:\/\/gruppe.seeberger.de\/wp\/wp-content\/uploads\/2024\/10\/HRL5-Seeberger_Baufeld-992x744.jpg 992w, https:\/\/gruppe.seeberger.de\/wp\/wp-content\/uploads\/2024\/10\/HRL5-Seeberger_Baufeld-480x360.jpg 480w\" sizes=\"auto, (max-width: 1200px) 100vw, 1200px\" \/><\/figure><small class=\"see_image__description\">Baufeld f\u00fcr das neue Hochregallager im Anschluss an die bestehenden Geb\u00e4ude<\/small><\/div>[\/vc_column][\/vc_row]<\/div>","protected":false},"excerpt":{"rendered":"Seeberger augmente ses capacit\u00e9s avec un entrep\u00f4t de stockage en hauteur suppl\u00e9mentaire et une extension de la logistique interne existante.","protected":false},"author":10,"featured_media":3917,"comment_status":"closed","ping_status":"open","sticky":false,"template":"","format":"standard","meta":{"_acf_changed":false,"inline_featured_image":false,"footnotes":""},"categories":[30,32],"tags":[],"class_list":["post-3942","post","type-post","status-publish","format-standard","has-post-thumbnail","hentry","category-groupe-seeberger","category-presse-fr"],"acf":[],"yoast_head":"<!-- This site is optimized with the Yoast SEO plugin v27.2 - https:\/\/yoast.com\/product\/yoast-seo-wordpress\/ -->\n<title>Extension de la logistique par la construction d&#039;un nouvel entrep\u00f4t \u00e0 hauts rayonnages - Seeberger Gruppe<\/title>\n<meta name=\"description\" content=\"Extension de la logistique par la construction d&#039;un nouvel entrep\u00f4t \u00e0 hauts rayonnages\" \/>\n<meta name=\"robots\" content=\"index, follow, max-snippet:-1, max-image-preview:large, max-video-preview:-1\" \/>\n<link rel=\"canonical\" href=\"https:\/\/gruppe.seeberger.de\/fr\/blog\/extension-de-la-logistique-par-la-construction-dun-nouvel-entrepot-a-hauts-rayonnages\/\" \/>\n<meta property=\"og:locale\" content=\"fr_FR\" \/>\n<meta property=\"og:type\" content=\"article\" \/>\n<meta property=\"og:title\" content=\"Extension de la logistique par la construction d&#039;un nouvel entrep\u00f4t \u00e0 hauts rayonnages - Seeberger Gruppe\" \/>\n<meta property=\"og:description\" content=\"Extension de la logistique par la construction d&#039;un nouvel entrep\u00f4t \u00e0 hauts rayonnages\" \/>\n<meta property=\"og:url\" content=\"https:\/\/gruppe.seeberger.de\/fr\/blog\/extension-de-la-logistique-par-la-construction-dun-nouvel-entrepot-a-hauts-rayonnages\/\" \/>\n<meta property=\"og:site_name\" content=\"Seeberger Gruppe\" \/>\n<meta property=\"article:publisher\" content=\"https:\/\/www.facebook.com\/seeberger.de\" \/>\n<meta property=\"article:published_time\" content=\"2024-10-09T07:06:42+00:00\" \/>\n<meta property=\"article:modified_time\" content=\"2024-10-10T06:35:52+00:00\" \/>\n<meta property=\"og:image\" content=\"https:\/\/gruppe.seeberger.de\/wp\/wp-content\/uploads\/2024\/10\/Spatenstich-Seeberger-scaled.jpg\" \/>\n\t<meta property=\"og:image:width\" content=\"2560\" \/>\n\t<meta property=\"og:image:height\" content=\"1644\" \/>\n\t<meta property=\"og:image:type\" content=\"image\/jpeg\" \/>\n<meta name=\"twitter:card\" content=\"summary_large_image\" \/>\n<meta name=\"twitter:label1\" content=\"Written by\" \/>\n\t<meta name=\"twitter:data1\" content=\"\" \/>\n\t<meta name=\"twitter:label2\" content=\"Est. reading time\" \/>\n\t<meta name=\"twitter:data2\" content=\"2 minutes\" \/>\n<script type=\"application\/ld+json\" class=\"yoast-schema-graph\">{\"@context\":\"https:\/\/schema.org\",\"@graph\":[{\"@type\":\"Article\",\"@id\":\"https:\/\/gruppe.seeberger.de\/fr\/blog\/extension-de-la-logistique-par-la-construction-dun-nouvel-entrepot-a-hauts-rayonnages\/#article\",\"isPartOf\":{\"@id\":\"https:\/\/gruppe.seeberger.de\/fr\/blog\/extension-de-la-logistique-par-la-construction-dun-nouvel-entrepot-a-hauts-rayonnages\/\"},\"author\":{\"name\":\"\",\"@id\":\"\"},\"headline\":\"Extension de la logistique par la construction d&#8217;un nouvel entrep\u00f4t \u00e0 hauts rayonnages\",\"datePublished\":\"2024-10-09T07:06:42+00:00\",\"dateModified\":\"2024-10-10T06:35:52+00:00\",\"mainEntityOfPage\":{\"@id\":\"https:\/\/gruppe.seeberger.de\/fr\/blog\/extension-de-la-logistique-par-la-construction-dun-nouvel-entrepot-a-hauts-rayonnages\/\"},\"wordCount\":490,\"publisher\":{\"@id\":\"https:\/\/gruppe.seeberger.de\/fr\/#organization\"},\"image\":{\"@id\":\"https:\/\/gruppe.seeberger.de\/fr\/blog\/extension-de-la-logistique-par-la-construction-dun-nouvel-entrepot-a-hauts-rayonnages\/#primaryimage\"},\"thumbnailUrl\":\"https:\/\/gruppe.seeberger.de\/wp\/wp-content\/uploads\/2024\/10\/Spatenstich-Seeberger-scaled.jpg\",\"articleSection\":[\"Groupe Seeberger\",\"Presse\"],\"inLanguage\":\"fr-FR\"},{\"@type\":\"WebPage\",\"@id\":\"https:\/\/gruppe.seeberger.de\/fr\/blog\/extension-de-la-logistique-par-la-construction-dun-nouvel-entrepot-a-hauts-rayonnages\/\",\"url\":\"https:\/\/gruppe.seeberger.de\/fr\/blog\/extension-de-la-logistique-par-la-construction-dun-nouvel-entrepot-a-hauts-rayonnages\/\",\"name\":\"Extension de la logistique par la construction d'un nouvel entrep\u00f4t \u00e0 hauts rayonnages - Seeberger Gruppe\",\"isPartOf\":{\"@id\":\"https:\/\/gruppe.seeberger.de\/fr\/#website\"},\"primaryImageOfPage\":{\"@id\":\"https:\/\/gruppe.seeberger.de\/fr\/blog\/extension-de-la-logistique-par-la-construction-dun-nouvel-entrepot-a-hauts-rayonnages\/#primaryimage\"},\"image\":{\"@id\":\"https:\/\/gruppe.seeberger.de\/fr\/blog\/extension-de-la-logistique-par-la-construction-dun-nouvel-entrepot-a-hauts-rayonnages\/#primaryimage\"},\"thumbnailUrl\":\"https:\/\/gruppe.seeberger.de\/wp\/wp-content\/uploads\/2024\/10\/Spatenstich-Seeberger-scaled.jpg\",\"datePublished\":\"2024-10-09T07:06:42+00:00\",\"dateModified\":\"2024-10-10T06:35:52+00:00\",\"description\":\"Extension de la logistique par la construction d'un nouvel entrep\u00f4t \u00e0 hauts rayonnages\",\"breadcrumb\":{\"@id\":\"https:\/\/gruppe.seeberger.de\/fr\/blog\/extension-de-la-logistique-par-la-construction-dun-nouvel-entrepot-a-hauts-rayonnages\/#breadcrumb\"},\"inLanguage\":\"fr-FR\",\"potentialAction\":[{\"@type\":\"ReadAction\",\"target\":[\"https:\/\/gruppe.seeberger.de\/fr\/blog\/extension-de-la-logistique-par-la-construction-dun-nouvel-entrepot-a-hauts-rayonnages\/\"]}]},{\"@type\":\"ImageObject\",\"inLanguage\":\"fr-FR\",\"@id\":\"https:\/\/gruppe.seeberger.de\/fr\/blog\/extension-de-la-logistique-par-la-construction-dun-nouvel-entrepot-a-hauts-rayonnages\/#primaryimage\",\"url\":\"https:\/\/gruppe.seeberger.de\/wp\/wp-content\/uploads\/2024\/10\/Spatenstich-Seeberger-scaled.jpg\",\"contentUrl\":\"https:\/\/gruppe.seeberger.de\/wp\/wp-content\/uploads\/2024\/10\/Spatenstich-Seeberger-scaled.jpg\",\"width\":2560,\"height\":1644,\"caption\":\"Spatenstich Hochregallager mit OB Ansbacher, Clemens Keller und weiteren Personen\"},{\"@type\":\"BreadcrumbList\",\"@id\":\"https:\/\/gruppe.seeberger.de\/fr\/blog\/extension-de-la-logistique-par-la-construction-dun-nouvel-entrepot-a-hauts-rayonnages\/#breadcrumb\",\"itemListElement\":[{\"@type\":\"ListItem\",\"position\":1,\"name\":\"Home\",\"item\":\"https:\/\/gruppe.seeberger.de\/fr\/\"},{\"@type\":\"ListItem\",\"position\":2,\"name\":\"Extension de la logistique par la construction d&#8217;un nouvel entrep\u00f4t \u00e0 hauts rayonnages\"}]},{\"@type\":\"WebSite\",\"@id\":\"https:\/\/gruppe.seeberger.de\/fr\/#website\",\"url\":\"https:\/\/gruppe.seeberger.de\/fr\/\",\"name\":\"Seeberger Gruppe Website\",\"description\":\"Ein Familienunternehmen mit Tradition\",\"publisher\":{\"@id\":\"https:\/\/gruppe.seeberger.de\/fr\/#organization\"},\"alternateName\":\"Seeberger Gruppe\",\"potentialAction\":[{\"@type\":\"SearchAction\",\"target\":{\"@type\":\"EntryPoint\",\"urlTemplate\":\"https:\/\/gruppe.seeberger.de\/fr\/?s={search_term_string}\"},\"query-input\":{\"@type\":\"PropertyValueSpecification\",\"valueRequired\":true,\"valueName\":\"search_term_string\"}}],\"inLanguage\":\"fr-FR\"},{\"@type\":\"Organization\",\"@id\":\"https:\/\/gruppe.seeberger.de\/fr\/#organization\",\"name\":\"Seeberger Gruppe\",\"url\":\"https:\/\/gruppe.seeberger.de\/fr\/\",\"logo\":{\"@type\":\"ImageObject\",\"inLanguage\":\"fr-FR\",\"@id\":\"https:\/\/gruppe.seeberger.de\/fr\/#\/schema\/logo\/image\/\",\"url\":\"https:\/\/gruppe.seeberger.de\/wp-content\/uploads\/2024\/03\/seeberger-gruppe-logo.svg\",\"contentUrl\":\"https:\/\/gruppe.seeberger.de\/wp-content\/uploads\/2024\/03\/seeberger-gruppe-logo.svg\",\"width\":224,\"height\":64,\"caption\":\"Seeberger Gruppe\"},\"image\":{\"@id\":\"https:\/\/gruppe.seeberger.de\/fr\/#\/schema\/logo\/image\/\"},\"sameAs\":[\"https:\/\/www.facebook.com\/seeberger.de\",\"https:\/\/www.youtube.com\/channel\/UC1ZsMjWjwtYtlymi5VKdRqA\",\"https:\/\/www.instagram.com\/seeberger_1844\/\",\"https:\/\/www.xing.com\/pages\/seebergergmbh\",\"http:\/\/www.linkedin.com\/company\/seeberger\"]},{\"@type\":\"Person\",\"@id\":\"\"}]}<\/script>\n<!-- \/ Yoast SEO plugin. -->","yoast_head_json":{"title":"Extension de la logistique par la construction d'un nouvel entrep\u00f4t \u00e0 hauts rayonnages - Seeberger Gruppe","description":"Extension de la logistique par la construction d'un nouvel entrep\u00f4t \u00e0 hauts rayonnages","robots":{"index":"index","follow":"follow","max-snippet":"max-snippet:-1","max-image-preview":"max-image-preview:large","max-video-preview":"max-video-preview:-1"},"canonical":"https:\/\/gruppe.seeberger.de\/fr\/blog\/extension-de-la-logistique-par-la-construction-dun-nouvel-entrepot-a-hauts-rayonnages\/","og_locale":"fr_FR","og_type":"article","og_title":"Extension de la logistique par la construction d'un nouvel entrep\u00f4t \u00e0 hauts rayonnages - Seeberger Gruppe","og_description":"Extension de la logistique par la construction d'un nouvel entrep\u00f4t \u00e0 hauts rayonnages","og_url":"https:\/\/gruppe.seeberger.de\/fr\/blog\/extension-de-la-logistique-par-la-construction-dun-nouvel-entrepot-a-hauts-rayonnages\/","og_site_name":"Seeberger Gruppe","article_publisher":"https:\/\/www.facebook.com\/seeberger.de","article_published_time":"2024-10-09T07:06:42+00:00","article_modified_time":"2024-10-10T06:35:52+00:00","og_image":[{"width":2560,"height":1644,"url":"https:\/\/gruppe.seeberger.de\/wp\/wp-content\/uploads\/2024\/10\/Spatenstich-Seeberger-scaled.jpg","type":"image\/jpeg"}],"twitter_card":"summary_large_image","twitter_misc":{"Written by":"","Est. reading time":"2 minutes"},"schema":{"@context":"https:\/\/schema.org","@graph":[{"@type":"Article","@id":"https:\/\/gruppe.seeberger.de\/fr\/blog\/extension-de-la-logistique-par-la-construction-dun-nouvel-entrepot-a-hauts-rayonnages\/#article","isPartOf":{"@id":"https:\/\/gruppe.seeberger.de\/fr\/blog\/extension-de-la-logistique-par-la-construction-dun-nouvel-entrepot-a-hauts-rayonnages\/"},"author":{"name":"","@id":""},"headline":"Extension de la logistique par la construction d&#8217;un nouvel entrep\u00f4t \u00e0 hauts rayonnages","datePublished":"2024-10-09T07:06:42+00:00","dateModified":"2024-10-10T06:35:52+00:00","mainEntityOfPage":{"@id":"https:\/\/gruppe.seeberger.de\/fr\/blog\/extension-de-la-logistique-par-la-construction-dun-nouvel-entrepot-a-hauts-rayonnages\/"},"wordCount":490,"publisher":{"@id":"https:\/\/gruppe.seeberger.de\/fr\/#organization"},"image":{"@id":"https:\/\/gruppe.seeberger.de\/fr\/blog\/extension-de-la-logistique-par-la-construction-dun-nouvel-entrepot-a-hauts-rayonnages\/#primaryimage"},"thumbnailUrl":"https:\/\/gruppe.seeberger.de\/wp\/wp-content\/uploads\/2024\/10\/Spatenstich-Seeberger-scaled.jpg","articleSection":["Groupe Seeberger","Presse"],"inLanguage":"fr-FR"},{"@type":"WebPage","@id":"https:\/\/gruppe.seeberger.de\/fr\/blog\/extension-de-la-logistique-par-la-construction-dun-nouvel-entrepot-a-hauts-rayonnages\/","url":"https:\/\/gruppe.seeberger.de\/fr\/blog\/extension-de-la-logistique-par-la-construction-dun-nouvel-entrepot-a-hauts-rayonnages\/","name":"Extension de la logistique par la construction d'un nouvel entrep\u00f4t \u00e0 hauts rayonnages - Seeberger Gruppe","isPartOf":{"@id":"https:\/\/gruppe.seeberger.de\/fr\/#website"},"primaryImageOfPage":{"@id":"https:\/\/gruppe.seeberger.de\/fr\/blog\/extension-de-la-logistique-par-la-construction-dun-nouvel-entrepot-a-hauts-rayonnages\/#primaryimage"},"image":{"@id":"https:\/\/gruppe.seeberger.de\/fr\/blog\/extension-de-la-logistique-par-la-construction-dun-nouvel-entrepot-a-hauts-rayonnages\/#primaryimage"},"thumbnailUrl":"https:\/\/gruppe.seeberger.de\/wp\/wp-content\/uploads\/2024\/10\/Spatenstich-Seeberger-scaled.jpg","datePublished":"2024-10-09T07:06:42+00:00","dateModified":"2024-10-10T06:35:52+00:00","description":"Extension de la logistique par la construction d'un nouvel entrep\u00f4t \u00e0 hauts rayonnages","breadcrumb":{"@id":"https:\/\/gruppe.seeberger.de\/fr\/blog\/extension-de-la-logistique-par-la-construction-dun-nouvel-entrepot-a-hauts-rayonnages\/#breadcrumb"},"inLanguage":"fr-FR","potentialAction":[{"@type":"ReadAction","target":["https:\/\/gruppe.seeberger.de\/fr\/blog\/extension-de-la-logistique-par-la-construction-dun-nouvel-entrepot-a-hauts-rayonnages\/"]}]},{"@type":"ImageObject","inLanguage":"fr-FR","@id":"https:\/\/gruppe.seeberger.de\/fr\/blog\/extension-de-la-logistique-par-la-construction-dun-nouvel-entrepot-a-hauts-rayonnages\/#primaryimage","url":"https:\/\/gruppe.seeberger.de\/wp\/wp-content\/uploads\/2024\/10\/Spatenstich-Seeberger-scaled.jpg","contentUrl":"https:\/\/gruppe.seeberger.de\/wp\/wp-content\/uploads\/2024\/10\/Spatenstich-Seeberger-scaled.jpg","width":2560,"height":1644,"caption":"Spatenstich Hochregallager mit OB Ansbacher, Clemens Keller und weiteren Personen"},{"@type":"BreadcrumbList","@id":"https:\/\/gruppe.seeberger.de\/fr\/blog\/extension-de-la-logistique-par-la-construction-dun-nouvel-entrepot-a-hauts-rayonnages\/#breadcrumb","itemListElement":[{"@type":"ListItem","position":1,"name":"Home","item":"https:\/\/gruppe.seeberger.de\/fr\/"},{"@type":"ListItem","position":2,"name":"Extension de la logistique par la construction d&#8217;un nouvel entrep\u00f4t \u00e0 hauts rayonnages"}]},{"@type":"WebSite","@id":"https:\/\/gruppe.seeberger.de\/fr\/#website","url":"https:\/\/gruppe.seeberger.de\/fr\/","name":"Seeberger Gruppe Website","description":"Ein Familienunternehmen mit Tradition","publisher":{"@id":"https:\/\/gruppe.seeberger.de\/fr\/#organization"},"alternateName":"Seeberger Gruppe","potentialAction":[{"@type":"SearchAction","target":{"@type":"EntryPoint","urlTemplate":"https:\/\/gruppe.seeberger.de\/fr\/?s={search_term_string}"},"query-input":{"@type":"PropertyValueSpecification","valueRequired":true,"valueName":"search_term_string"}}],"inLanguage":"fr-FR"},{"@type":"Organization","@id":"https:\/\/gruppe.seeberger.de\/fr\/#organization","name":"Seeberger Gruppe","url":"https:\/\/gruppe.seeberger.de\/fr\/","logo":{"@type":"ImageObject","inLanguage":"fr-FR","@id":"https:\/\/gruppe.seeberger.de\/fr\/#\/schema\/logo\/image\/","url":"https:\/\/gruppe.seeberger.de\/wp-content\/uploads\/2024\/03\/seeberger-gruppe-logo.svg","contentUrl":"https:\/\/gruppe.seeberger.de\/wp-content\/uploads\/2024\/03\/seeberger-gruppe-logo.svg","width":224,"height":64,"caption":"Seeberger Gruppe"},"image":{"@id":"https:\/\/gruppe.seeberger.de\/fr\/#\/schema\/logo\/image\/"},"sameAs":["https:\/\/www.facebook.com\/seeberger.de","https:\/\/www.youtube.com\/channel\/UC1ZsMjWjwtYtlymi5VKdRqA","https:\/\/www.instagram.com\/seeberger_1844\/","https:\/\/www.xing.com\/pages\/seebergergmbh","http:\/\/www.linkedin.com\/company\/seeberger"]},{"@type":"Person","@id":""}]}},"_links":{"self":[{"href":"https:\/\/gruppe.seeberger.de\/fr\/wp-json\/wp\/v2\/posts\/3942","targetHints":{"allow":["GET"]}}],"collection":[{"href":"https:\/\/gruppe.seeberger.de\/fr\/wp-json\/wp\/v2\/posts"}],"about":[{"href":"https:\/\/gruppe.seeberger.de\/fr\/wp-json\/wp\/v2\/types\/post"}],"author":[{"embeddable":true,"href":"https:\/\/gruppe.seeberger.de\/fr\/wp-json\/wp\/v2\/users\/10"}],"replies":[{"embeddable":true,"href":"https:\/\/gruppe.seeberger.de\/fr\/wp-json\/wp\/v2\/comments?post=3942"}],"version-history":[{"count":2,"href":"https:\/\/gruppe.seeberger.de\/fr\/wp-json\/wp\/v2\/posts\/3942\/revisions"}],"predecessor-version":[{"id":3944,"href":"https:\/\/gruppe.seeberger.de\/fr\/wp-json\/wp\/v2\/posts\/3942\/revisions\/3944"}],"wp:featuredmedia":[{"embeddable":true,"href":"https:\/\/gruppe.seeberger.de\/fr\/wp-json\/wp\/v2\/media\/3917"}],"wp:attachment":[{"href":"https:\/\/gruppe.seeberger.de\/fr\/wp-json\/wp\/v2\/media?parent=3942"}],"wp:term":[{"taxonomy":"category","embeddable":true,"href":"https:\/\/gruppe.seeberger.de\/fr\/wp-json\/wp\/v2\/categories?post=3942"},{"taxonomy":"post_tag","embeddable":true,"href":"https:\/\/gruppe.seeberger.de\/fr\/wp-json\/wp\/v2\/tags?post=3942"}],"curies":[{"name":"wp","href":"https:\/\/api.w.org\/{rel}","templated":true}]}}